{"id":4556,"date":"2020-11-03T10:54:37","date_gmt":"2020-11-03T08:54:37","guid":{"rendered":"https:\/\/www.ambisist.cat\/canviant-juntament-amb-el-planeta-i-les-seves-necessitats\/"},"modified":"2020-11-03T10:58:16","modified_gmt":"2020-11-03T08:58:16","slug":"canviant-juntament-amb-el-planeta-i-les-seves-necessitats","status":"publish","type":"post","link":"https:\/\/www.ambisist.cat\/es\/canviant-juntament-amb-el-planeta-i-les-seves-necessitats\/","title":{"rendered":"Cambiando junto con el planeta y sus necesidades."},"content":{"rendered":"<p>La situaci\u00f3n mundial y crisis clim\u00e1tica han llevado a las empresas a replantear su estructura y establecer la sostenibilidad como eje central de sus acciones. Las organizaciones est\u00e1n trabajando para establecer un equilibrio entre los beneficios econ\u00f3micos, sociales y ambientales, lo que llev\u00f3 a las empresas a optimizar recursos y obtener mayor rentabilidad.<\/p>\n<p>Esta nueva tendencia de pr\u00e1cticas sostenibles y desarrollo consciente se apoya en gran parte sobre la innovaci\u00f3n y avances tecnol\u00f3gicos, as\u00ed como, por una econom\u00eda circular, una eficiencia energ\u00e9tica de sus procesos y en la producci\u00f3n, comercializaci\u00f3n y uso de materiales sostenibles.<\/p>\n<p>Para iniciar un proceso de cambio es necesario aplicar una econom\u00eda circular, basada en maximizar el reciclaje, eliminar el desperdicio, proteger los recursos y reducir el impacto ambiental. Cuando se da prioridad a estas acciones, comienza el cambio y el impacto positivo hacia el planeta, la industria y en la misma empresa.<\/p>\n<p>Desde Ambisist apostamos por un desarrollo respetuoso hacia el medio ambiente y seguimos con nuestro modelo de negocio sostenible y alineado con los nuevos tiempos.<\/p>\n","protected":false},"excerpt":{"rendered":"<p>La situaci\u00f3n mundial y crisis clim\u00e1tica han llevado a las empresas a replantear su estructura y establecer la sostenibilidad como eje central de sus acciones. Las organizaciones est\u00e1n trabajando para establecer un equilibrio entre los [&hellip;]<\/p>\n","protected":false},"author":1,"featured_media":4554,"comment_status":"open","ping_status":"open","sticky":false,"template":"","format":"standard","meta":{"footnotes":""},"categories":[47],"tags":[],"class_list":["post-4556","post","type-post","status-publish","format-standard","has-post-thumbnail","hentry","category-general-es"],"yoast_head":"<!-- This site is optimized with the Yoast SEO plugin v27.3 - https:\/\/yoast.com\/product\/yoast-seo-wordpress\/ -->\n<title>Cambiando junto con el planeta y sus necesidades. - Ambisist<\/title>\n<meta name=\"robots\" content=\"index, follow, max-snippet:-1, max-image-preview:large, max-video-preview:-1\" \/>\n<link rel=\"canonical\" href=\"https:\/\/www.ambisist.cat\/es\/canviant-juntament-amb-el-planeta-i-les-seves-necessitats\/\" \/>\n<meta property=\"og:locale\" content=\"es_ES\" \/>\n<meta property=\"og:type\" content=\"article\" \/>\n<meta property=\"og:title\" content=\"Cambiando junto con el planeta y sus necesidades. - Ambisist\" \/>\n<meta property=\"og:description\" content=\"La situaci\u00f3n mundial y crisis clim\u00e1tica han llevado a las empresas a replantear su estructura y establecer la sostenibilidad como eje central de sus acciones. Las organizaciones est\u00e1n trabajando para establecer un equilibrio entre los [&hellip;]\" \/>\n<meta property=\"og:url\" content=\"https:\/\/www.ambisist.cat\/es\/canviant-juntament-amb-el-planeta-i-les-seves-necessitats\/\" \/>\n<meta property=\"og:site_name\" content=\"Ambisist\" \/>\n<meta property=\"article:published_time\" content=\"2020-11-03T08:54:37+00:00\" \/>\n<meta property=\"article:modified_time\" content=\"2020-11-03T08:58:16+00:00\" \/>\n<meta property=\"og:image\" content=\"https:\/\/www.ambisist.cat\/wp-content\/uploads\/2020\/11\/greg-bakker-0BDxXONmsbk-unsplash.jpeg\" \/>\n\t<meta property=\"og:image:width\" content=\"640\" \/>\n\t<meta property=\"og:image:height\" content=\"427\" \/>\n\t<meta property=\"og:image:type\" content=\"image\/jpeg\" \/>\n<meta name=\"author\" content=\"umbrella\" \/>\n<meta name=\"twitter:card\" content=\"summary_large_image\" \/>\n<meta name=\"twitter:label1\" content=\"Escrito por\" \/>\n\t<meta name=\"twitter:data1\" content=\"umbrella\" \/>\n\t<meta name=\"twitter:label2\" content=\"Tiempo de lectura\" \/>\n\t<meta name=\"twitter:data2\" content=\"1 minuto\" \/>\n<script type=\"application\/ld+json\" class=\"yoast-schema-graph\">{\"@context\":\"https:\\\/\\\/schema.org\",\"@graph\":[{\"@type\":\"Article\",\"@id\":\"https:\\\/\\\/www.ambisist.cat\\\/es\\\/canviant-juntament-amb-el-planeta-i-les-seves-necessitats\\\/#article\",\"isPartOf\":{\"@id\":\"https:\\\/\\\/www.ambisist.cat\\\/es\\\/canviant-juntament-amb-el-planeta-i-les-seves-necessitats\\\/\"},\"author\":{\"name\":\"umbrella\",\"@id\":\"https:\\\/\\\/www.ambisist.cat\\\/#\\\/schema\\\/person\\\/55048fc1b769dbd56c1dcfc41f06d22a\"},\"headline\":\"Cambiando junto con el planeta y sus necesidades.\",\"datePublished\":\"2020-11-03T08:54:37+00:00\",\"dateModified\":\"2020-11-03T08:58:16+00:00\",\"mainEntityOfPage\":{\"@id\":\"https:\\\/\\\/www.ambisist.cat\\\/es\\\/canviant-juntament-amb-el-planeta-i-les-seves-necessitats\\\/\"},\"wordCount\":192,\"commentCount\":0,\"image\":{\"@id\":\"https:\\\/\\\/www.ambisist.cat\\\/es\\\/canviant-juntament-amb-el-planeta-i-les-seves-necessitats\\\/#primaryimage\"},\"thumbnailUrl\":\"https:\\\/\\\/www.ambisist.cat\\\/wp-content\\\/uploads\\\/2020\\\/11\\\/greg-bakker-0BDxXONmsbk-unsplash.jpeg\",\"articleSection\":[\"General\"],\"inLanguage\":\"es\",\"potentialAction\":[{\"@type\":\"CommentAction\",\"name\":\"Comment\",\"target\":[\"https:\\\/\\\/www.ambisist.cat\\\/es\\\/canviant-juntament-amb-el-planeta-i-les-seves-necessitats\\\/#respond\"]}]},{\"@type\":\"WebPage\",\"@id\":\"https:\\\/\\\/www.ambisist.cat\\\/es\\\/canviant-juntament-amb-el-planeta-i-les-seves-necessitats\\\/\",\"url\":\"https:\\\/\\\/www.ambisist.cat\\\/es\\\/canviant-juntament-amb-el-planeta-i-les-seves-necessitats\\\/\",\"name\":\"Cambiando junto con el planeta y sus necesidades. - Ambisist\",\"isPartOf\":{\"@id\":\"https:\\\/\\\/www.ambisist.cat\\\/#website\"},\"primaryImageOfPage\":{\"@id\":\"https:\\\/\\\/www.ambisist.cat\\\/es\\\/canviant-juntament-amb-el-planeta-i-les-seves-necessitats\\\/#primaryimage\"},\"image\":{\"@id\":\"https:\\\/\\\/www.ambisist.cat\\\/es\\\/canviant-juntament-amb-el-planeta-i-les-seves-necessitats\\\/#primaryimage\"},\"thumbnailUrl\":\"https:\\\/\\\/www.ambisist.cat\\\/wp-content\\\/uploads\\\/2020\\\/11\\\/greg-bakker-0BDxXONmsbk-unsplash.jpeg\",\"datePublished\":\"2020-11-03T08:54:37+00:00\",\"dateModified\":\"2020-11-03T08:58:16+00:00\",\"author\":{\"@id\":\"https:\\\/\\\/www.ambisist.cat\\\/#\\\/schema\\\/person\\\/55048fc1b769dbd56c1dcfc41f06d22a\"},\"breadcrumb\":{\"@id\":\"https:\\\/\\\/www.ambisist.cat\\\/es\\\/canviant-juntament-amb-el-planeta-i-les-seves-necessitats\\\/#breadcrumb\"},\"inLanguage\":\"es\",\"potentialAction\":[{\"@type\":\"ReadAction\",\"target\":[\"https:\\\/\\\/www.ambisist.cat\\\/es\\\/canviant-juntament-amb-el-planeta-i-les-seves-necessitats\\\/\"]}]},{\"@type\":\"ImageObject\",\"inLanguage\":\"es\",\"@id\":\"https:\\\/\\\/www.ambisist.cat\\\/es\\\/canviant-juntament-amb-el-planeta-i-les-seves-necessitats\\\/#primaryimage\",\"url\":\"https:\\\/\\\/www.ambisist.cat\\\/wp-content\\\/uploads\\\/2020\\\/11\\\/greg-bakker-0BDxXONmsbk-unsplash.jpeg\",\"contentUrl\":\"https:\\\/\\\/www.ambisist.cat\\\/wp-content\\\/uploads\\\/2020\\\/11\\\/greg-bakker-0BDxXONmsbk-unsplash.jpeg\",\"width\":640,\"height\":427},{\"@type\":\"BreadcrumbList\",\"@id\":\"https:\\\/\\\/www.ambisist.cat\\\/es\\\/canviant-juntament-amb-el-planeta-i-les-seves-necessitats\\\/#breadcrumb\",\"itemListElement\":[{\"@type\":\"ListItem\",\"position\":1,\"name\":\"Portada\",\"item\":\"https:\\\/\\\/www.ambisist.cat\\\/es\\\/\"},{\"@type\":\"ListItem\",\"position\":2,\"name\":\"Cambiando junto con el planeta y sus necesidades.\"}]},{\"@type\":\"WebSite\",\"@id\":\"https:\\\/\\\/www.ambisist.cat\\\/#website\",\"url\":\"https:\\\/\\\/www.ambisist.cat\\\/\",\"name\":\"Ambisist\",\"description\":\"Productes i maquin\u00e0ria de netaja\",\"potentialAction\":[{\"@type\":\"SearchAction\",\"target\":{\"@type\":\"EntryPoint\",\"urlTemplate\":\"https:\\\/\\\/www.ambisist.cat\\\/?s={search_term_string}\"},\"query-input\":{\"@type\":\"PropertyValueSpecification\",\"valueRequired\":true,\"valueName\":\"search_term_string\"}}],\"inLanguage\":\"es\"},{\"@type\":\"Person\",\"@id\":\"https:\\\/\\\/www.ambisist.cat\\\/#\\\/schema\\\/person\\\/55048fc1b769dbd56c1dcfc41f06d22a\",\"name\":\"umbrella\",\"image\":{\"@type\":\"ImageObject\",\"inLanguage\":\"es\",\"@id\":\"https:\\\/\\\/secure.gravatar.com\\\/avatar\\\/6ae53eaa83ae7ae712ac1af7e4bb61e0ea03a83ba77abde0e652935b14435f17?s=96&d=mm&r=g\",\"url\":\"https:\\\/\\\/secure.gravatar.com\\\/avatar\\\/6ae53eaa83ae7ae712ac1af7e4bb61e0ea03a83ba77abde0e652935b14435f17?s=96&d=mm&r=g\",\"contentUrl\":\"https:\\\/\\\/secure.gravatar.com\\\/avatar\\\/6ae53eaa83ae7ae712ac1af7e4bb61e0ea03a83ba77abde0e652935b14435f17?s=96&d=mm&r=g\",\"caption\":\"umbrella\"},\"url\":\"https:\\\/\\\/www.ambisist.cat\\\/es\\\/author\\\/umbrella\\\/\"}]}<\/script>\n<!-- \/ Yoast SEO plugin. -->","yoast_head_json":{"title":"Cambiando junto con el planeta y sus necesidades. - Ambisist","robots":{"index":"index","follow":"follow","max-snippet":"max-snippet:-1","max-image-preview":"max-image-preview:large","max-video-preview":"max-video-preview:-1"},"canonical":"https:\/\/www.ambisist.cat\/es\/canviant-juntament-amb-el-planeta-i-les-seves-necessitats\/","og_locale":"es_ES","og_type":"article","og_title":"Cambiando junto con el planeta y sus necesidades. - Ambisist","og_description":"La situaci\u00f3n mundial y crisis clim\u00e1tica han llevado a las empresas a replantear su estructura y establecer la sostenibilidad como eje central de sus acciones. Las organizaciones est\u00e1n trabajando para establecer un equilibrio entre los [&hellip;]","og_url":"https:\/\/www.ambisist.cat\/es\/canviant-juntament-amb-el-planeta-i-les-seves-necessitats\/","og_site_name":"Ambisist","article_published_time":"2020-11-03T08:54:37+00:00","article_modified_time":"2020-11-03T08:58:16+00:00","og_image":[{"width":640,"height":427,"url":"https:\/\/www.ambisist.cat\/wp-content\/uploads\/2020\/11\/greg-bakker-0BDxXONmsbk-unsplash.jpeg","type":"image\/jpeg"}],"author":"umbrella","twitter_card":"summary_large_image","twitter_misc":{"Escrito por":"umbrella","Tiempo de lectura":"1 minuto"},"schema":{"@context":"https:\/\/schema.org","@graph":[{"@type":"Article","@id":"https:\/\/www.ambisist.cat\/es\/canviant-juntament-amb-el-planeta-i-les-seves-necessitats\/#article","isPartOf":{"@id":"https:\/\/www.ambisist.cat\/es\/canviant-juntament-amb-el-planeta-i-les-seves-necessitats\/"},"author":{"name":"umbrella","@id":"https:\/\/www.ambisist.cat\/#\/schema\/person\/55048fc1b769dbd56c1dcfc41f06d22a"},"headline":"Cambiando junto con el planeta y sus necesidades.","datePublished":"2020-11-03T08:54:37+00:00","dateModified":"2020-11-03T08:58:16+00:00","mainEntityOfPage":{"@id":"https:\/\/www.ambisist.cat\/es\/canviant-juntament-amb-el-planeta-i-les-seves-necessitats\/"},"wordCount":192,"commentCount":0,"image":{"@id":"https:\/\/www.ambisist.cat\/es\/canviant-juntament-amb-el-planeta-i-les-seves-necessitats\/#primaryimage"},"thumbnailUrl":"https:\/\/www.ambisist.cat\/wp-content\/uploads\/2020\/11\/greg-bakker-0BDxXONmsbk-unsplash.jpeg","articleSection":["General"],"inLanguage":"es","potentialAction":[{"@type":"CommentAction","name":"Comment","target":["https:\/\/www.ambisist.cat\/es\/canviant-juntament-amb-el-planeta-i-les-seves-necessitats\/#respond"]}]},{"@type":"WebPage","@id":"https:\/\/www.ambisist.cat\/es\/canviant-juntament-amb-el-planeta-i-les-seves-necessitats\/","url":"https:\/\/www.ambisist.cat\/es\/canviant-juntament-amb-el-planeta-i-les-seves-necessitats\/","name":"Cambiando junto con el planeta y sus necesidades. - Ambisist","isPartOf":{"@id":"https:\/\/www.ambisist.cat\/#website"},"primaryImageOfPage":{"@id":"https:\/\/www.ambisist.cat\/es\/canviant-juntament-amb-el-planeta-i-les-seves-necessitats\/#primaryimage"},"image":{"@id":"https:\/\/www.ambisist.cat\/es\/canviant-juntament-amb-el-planeta-i-les-seves-necessitats\/#primaryimage"},"thumbnailUrl":"https:\/\/www.ambisist.cat\/wp-content\/uploads\/2020\/11\/greg-bakker-0BDxXONmsbk-unsplash.jpeg","datePublished":"2020-11-03T08:54:37+00:00","dateModified":"2020-11-03T08:58:16+00:00","author":{"@id":"https:\/\/www.ambisist.cat\/#\/schema\/person\/55048fc1b769dbd56c1dcfc41f06d22a"},"breadcrumb":{"@id":"https:\/\/www.ambisist.cat\/es\/canviant-juntament-amb-el-planeta-i-les-seves-necessitats\/#breadcrumb"},"inLanguage":"es","potentialAction":[{"@type":"ReadAction","target":["https:\/\/www.ambisist.cat\/es\/canviant-juntament-amb-el-planeta-i-les-seves-necessitats\/"]}]},{"@type":"ImageObject","inLanguage":"es","@id":"https:\/\/www.ambisist.cat\/es\/canviant-juntament-amb-el-planeta-i-les-seves-necessitats\/#primaryimage","url":"https:\/\/www.ambisist.cat\/wp-content\/uploads\/2020\/11\/greg-bakker-0BDxXONmsbk-unsplash.jpeg","contentUrl":"https:\/\/www.ambisist.cat\/wp-content\/uploads\/2020\/11\/greg-bakker-0BDxXONmsbk-unsplash.jpeg","width":640,"height":427},{"@type":"BreadcrumbList","@id":"https:\/\/www.ambisist.cat\/es\/canviant-juntament-amb-el-planeta-i-les-seves-necessitats\/#breadcrumb","itemListElement":[{"@type":"ListItem","position":1,"name":"Portada","item":"https:\/\/www.ambisist.cat\/es\/"},{"@type":"ListItem","position":2,"name":"Cambiando junto con el planeta y sus necesidades."}]},{"@type":"WebSite","@id":"https:\/\/www.ambisist.cat\/#website","url":"https:\/\/www.ambisist.cat\/","name":"Ambisist","description":"Productes i maquin\u00e0ria de netaja","potentialAction":[{"@type":"SearchAction","target":{"@type":"EntryPoint","urlTemplate":"https:\/\/www.ambisist.cat\/?s={search_term_string}"},"query-input":{"@type":"PropertyValueSpecification","valueRequired":true,"valueName":"search_term_string"}}],"inLanguage":"es"},{"@type":"Person","@id":"https:\/\/www.ambisist.cat\/#\/schema\/person\/55048fc1b769dbd56c1dcfc41f06d22a","name":"umbrella","image":{"@type":"ImageObject","inLanguage":"es","@id":"https:\/\/secure.gravatar.com\/avatar\/6ae53eaa83ae7ae712ac1af7e4bb61e0ea03a83ba77abde0e652935b14435f17?s=96&d=mm&r=g","url":"https:\/\/secure.gravatar.com\/avatar\/6ae53eaa83ae7ae712ac1af7e4bb61e0ea03a83ba77abde0e652935b14435f17?s=96&d=mm&r=g","contentUrl":"https:\/\/secure.gravatar.com\/avatar\/6ae53eaa83ae7ae712ac1af7e4bb61e0ea03a83ba77abde0e652935b14435f17?s=96&d=mm&r=g","caption":"umbrella"},"url":"https:\/\/www.ambisist.cat\/es\/author\/umbrella\/"}]}},"_links":{"self":[{"href":"https:\/\/www.ambisist.cat\/es\/wp-json\/wp\/v2\/posts\/4556","targetHints":{"allow":["GET"]}}],"collection":[{"href":"https:\/\/www.ambisist.cat\/es\/wp-json\/wp\/v2\/posts"}],"about":[{"href":"https:\/\/www.ambisist.cat\/es\/wp-json\/wp\/v2\/types\/post"}],"author":[{"embeddable":true,"href":"https:\/\/www.ambisist.cat\/es\/wp-json\/wp\/v2\/users\/1"}],"replies":[{"embeddable":true,"href":"https:\/\/www.ambisist.cat\/es\/wp-json\/wp\/v2\/comments?post=4556"}],"version-history":[{"count":2,"href":"https:\/\/www.ambisist.cat\/es\/wp-json\/wp\/v2\/posts\/4556\/revisions"}],"predecessor-version":[{"id":4558,"href":"https:\/\/www.ambisist.cat\/es\/wp-json\/wp\/v2\/posts\/4556\/revisions\/4558"}],"wp:featuredmedia":[{"embeddable":true,"href":"https:\/\/www.ambisist.cat\/es\/wp-json\/wp\/v2\/media\/4554"}],"wp:attachment":[{"href":"https:\/\/www.ambisist.cat\/es\/wp-json\/wp\/v2\/media?parent=4556"}],"wp:term":[{"taxonomy":"category","embeddable":true,"href":"https:\/\/www.ambisist.cat\/es\/wp-json\/wp\/v2\/categories?post=4556"},{"taxonomy":"post_tag","embeddable":true,"href":"https:\/\/www.ambisist.cat\/es\/wp-json\/wp\/v2\/tags?post=4556"}],"curies":[{"name":"wp","href":"https:\/\/api.w.org\/{rel}","templated":true}]}}