{"id":3400,"date":"2019-10-16T09:30:01","date_gmt":"2019-10-16T07:30:01","guid":{"rendered":"http:\/\/www.ambisist.cat\/?p=3400"},"modified":"2019-07-19T09:02:48","modified_gmt":"2019-07-19T07:02:48","slug":"neteja-de-conductes-de-ventilacio","status":"publish","type":"post","link":"https:\/\/www.ambisist.cat\/es\/neteja-de-conductes-de-ventilacio\/","title":{"rendered":"Limpieza de los conductos de ventilaci\u00f3n"},"content":{"rendered":"<p>Muchas empresas disponen de aire acondicionado, calefacci\u00f3n y otras salidas de aire, sistemas formados por conductos de ventilaci\u00f3n. Malogrado su existencia, en muchos casos, no se los tiene en cuenta a la hora de hacer una limpieza profunda. Es por esto, que des de <strong>Ambisist esposaremos las razones por las cuales es importante mantenerlo limpio.<\/strong><\/p>\n<p>Con el paso del tiempo, <strong>la suciedad, el polvo y otros microorganismos presentes al aire, se acumulan en las conductas de ventilaci\u00f3n <\/strong>siendo un sitio id\u00edlico para la proliferaci\u00f3n de bacterias y virus. Sin darnos cuenta el aire que respiramos en el recinto viene afectado por estas part\u00edculas repercutiendo directamente a la salud de los trabajadores. Los que m\u00e1s sufren esta contaminaci\u00f3n del aire son las persones al\u00e9rgicas al polvo o con problemas respiratorios.<\/p>\n<p>Por otra banda, esta acumulaci\u00f3n puede llegar a producir otros da\u00f1os a los trabajadores. La suma de part\u00edculas obstaculiza la entrada y la salida de los conductos de ventilaci\u00f3n y se puede llegar a generar un incendio local.<\/p>\n<p>Para evitarlo, des de Ambisist te recomendamos que organices una limpieza peri\u00f3dica de los sistemas de ventilaci\u00f3n para evitar riesgos innecesarios.<\/p>\n<p>Es imprescindible limpiar los filtros, los conductos y la entrada y salida del aire. Por lo tanto, se tendr\u00e1 que destapar y extraer de las rejas para comenzar a limpiar de manera eficaz. Por esto, concluimos que la limpieza no tiene que ser solo externa sino tambi\u00e9n interna para evitar cualquier tipo de problema que se pueda presentar.<\/p>\n","protected":false},"excerpt":{"rendered":"<p>Muchas empresas disponen de aire acondicionado, calefacci\u00f3n y otras salidas de aire, sistemas formados por conductos de ventilaci\u00f3n. Malogrado su existencia, en muchos casos, no se los tiene en cuenta a la hora de hacer [&hellip;]<\/p>\n","protected":false},"author":2,"featured_media":3397,"comment_status":"open","ping_status":"open","sticky":false,"template":"","format":"standard","meta":{"footnotes":""},"categories":[47],"tags":[203,58,202,61,179],"class_list":["post-3400","post","type-post","status-publish","format-standard","has-post-thumbnail","hentry","category-general-es","tag-aire-condicionado","tag-ambisist-es","tag-conductos-de-ventilacion","tag-limpieza","tag-productos"],"yoast_head":"<!-- This site is optimized with the Yoast SEO plugin v27.3 - https:\/\/yoast.com\/product\/yoast-seo-wordpress\/ -->\n<title>Limpieza de los conductos de ventilaci\u00f3n - Ambisist<\/title>\n<meta name=\"robots\" content=\"index, follow, max-snippet:-1, max-image-preview:large, max-video-preview:-1\" \/>\n<link rel=\"canonical\" href=\"https:\/\/www.ambisist.cat\/es\/neteja-de-conductes-de-ventilacio\/\" \/>\n<meta property=\"og:locale\" content=\"es_ES\" \/>\n<meta property=\"og:type\" content=\"article\" \/>\n<meta property=\"og:title\" content=\"Limpieza de los conductos de ventilaci\u00f3n - Ambisist\" \/>\n<meta property=\"og:description\" content=\"Muchas empresas disponen de aire acondicionado, calefacci\u00f3n y otras salidas de aire, sistemas formados por conductos de ventilaci\u00f3n. Malogrado su existencia, en muchos casos, no se los tiene en cuenta a la hora de hacer [&hellip;]\" \/>\n<meta property=\"og:url\" content=\"https:\/\/www.ambisist.cat\/es\/neteja-de-conductes-de-ventilacio\/\" \/>\n<meta property=\"og:site_name\" content=\"Ambisist\" \/>\n<meta property=\"article:published_time\" content=\"2019-10-16T07:30:01+00:00\" \/>\n<meta property=\"og:image\" content=\"https:\/\/www.ambisist.cat\/wp-content\/uploads\/2019\/07\/airecondicionat.png\" \/>\n\t<meta property=\"og:image:width\" content=\"1200\" \/>\n\t<meta property=\"og:image:height\" content=\"857\" \/>\n\t<meta property=\"og:image:type\" content=\"image\/png\" \/>\n<meta name=\"author\" content=\"Ambisist\" \/>\n<meta name=\"twitter:card\" content=\"summary_large_image\" \/>\n<meta name=\"twitter:label1\" content=\"Escrito por\" \/>\n\t<meta name=\"twitter:data1\" content=\"Ambisist\" \/>\n\t<meta name=\"twitter:label2\" content=\"Tiempo de lectura\" \/>\n\t<meta name=\"twitter:data2\" content=\"1 minuto\" \/>\n<script type=\"application\/ld+json\" class=\"yoast-schema-graph\">{\"@context\":\"https:\\\/\\\/schema.org\",\"@graph\":[{\"@type\":\"Article\",\"@id\":\"https:\\\/\\\/www.ambisist.cat\\\/es\\\/neteja-de-conductes-de-ventilacio\\\/#article\",\"isPartOf\":{\"@id\":\"https:\\\/\\\/www.ambisist.cat\\\/es\\\/neteja-de-conductes-de-ventilacio\\\/\"},\"author\":{\"name\":\"Ambisist\",\"@id\":\"https:\\\/\\\/www.ambisist.cat\\\/#\\\/schema\\\/person\\\/0c718c5403b10646e4c5e10dfea09e8f\"},\"headline\":\"Limpieza de los conductos de ventilaci\u00f3n\",\"datePublished\":\"2019-10-16T07:30:01+00:00\",\"mainEntityOfPage\":{\"@id\":\"https:\\\/\\\/www.ambisist.cat\\\/es\\\/neteja-de-conductes-de-ventilacio\\\/\"},\"wordCount\":269,\"commentCount\":0,\"image\":{\"@id\":\"https:\\\/\\\/www.ambisist.cat\\\/es\\\/neteja-de-conductes-de-ventilacio\\\/#primaryimage\"},\"thumbnailUrl\":\"https:\\\/\\\/www.ambisist.cat\\\/wp-content\\\/uploads\\\/2019\\\/07\\\/airecondicionat.png\",\"keywords\":[\"aire condicionado\",\"ambisist\",\"conductos de ventilaci\u00f3n\",\"Limpieza\",\"Productos\"],\"articleSection\":[\"General\"],\"inLanguage\":\"es\",\"potentialAction\":[{\"@type\":\"CommentAction\",\"name\":\"Comment\",\"target\":[\"https:\\\/\\\/www.ambisist.cat\\\/es\\\/neteja-de-conductes-de-ventilacio\\\/#respond\"]}]},{\"@type\":\"WebPage\",\"@id\":\"https:\\\/\\\/www.ambisist.cat\\\/es\\\/neteja-de-conductes-de-ventilacio\\\/\",\"url\":\"https:\\\/\\\/www.ambisist.cat\\\/es\\\/neteja-de-conductes-de-ventilacio\\\/\",\"name\":\"Limpieza de los conductos de ventilaci\u00f3n - Ambisist\",\"isPartOf\":{\"@id\":\"https:\\\/\\\/www.ambisist.cat\\\/#website\"},\"primaryImageOfPage\":{\"@id\":\"https:\\\/\\\/www.ambisist.cat\\\/es\\\/neteja-de-conductes-de-ventilacio\\\/#primaryimage\"},\"image\":{\"@id\":\"https:\\\/\\\/www.ambisist.cat\\\/es\\\/neteja-de-conductes-de-ventilacio\\\/#primaryimage\"},\"thumbnailUrl\":\"https:\\\/\\\/www.ambisist.cat\\\/wp-content\\\/uploads\\\/2019\\\/07\\\/airecondicionat.png\",\"datePublished\":\"2019-10-16T07:30:01+00:00\",\"author\":{\"@id\":\"https:\\\/\\\/www.ambisist.cat\\\/#\\\/schema\\\/person\\\/0c718c5403b10646e4c5e10dfea09e8f\"},\"breadcrumb\":{\"@id\":\"https:\\\/\\\/www.ambisist.cat\\\/es\\\/neteja-de-conductes-de-ventilacio\\\/#breadcrumb\"},\"inLanguage\":\"es\",\"potentialAction\":[{\"@type\":\"ReadAction\",\"target\":[\"https:\\\/\\\/www.ambisist.cat\\\/es\\\/neteja-de-conductes-de-ventilacio\\\/\"]}]},{\"@type\":\"ImageObject\",\"inLanguage\":\"es\",\"@id\":\"https:\\\/\\\/www.ambisist.cat\\\/es\\\/neteja-de-conductes-de-ventilacio\\\/#primaryimage\",\"url\":\"https:\\\/\\\/www.ambisist.cat\\\/wp-content\\\/uploads\\\/2019\\\/07\\\/airecondicionat.png\",\"contentUrl\":\"https:\\\/\\\/www.ambisist.cat\\\/wp-content\\\/uploads\\\/2019\\\/07\\\/airecondicionat.png\",\"width\":1200,\"height\":857},{\"@type\":\"BreadcrumbList\",\"@id\":\"https:\\\/\\\/www.ambisist.cat\\\/es\\\/neteja-de-conductes-de-ventilacio\\\/#breadcrumb\",\"itemListElement\":[{\"@type\":\"ListItem\",\"position\":1,\"name\":\"Portada\",\"item\":\"https:\\\/\\\/www.ambisist.cat\\\/es\\\/\"},{\"@type\":\"ListItem\",\"position\":2,\"name\":\"Limpieza de los conductos de ventilaci\u00f3n\"}]},{\"@type\":\"WebSite\",\"@id\":\"https:\\\/\\\/www.ambisist.cat\\\/#website\",\"url\":\"https:\\\/\\\/www.ambisist.cat\\\/\",\"name\":\"Ambisist\",\"description\":\"Productes i maquin\u00e0ria de netaja\",\"potentialAction\":[{\"@type\":\"SearchAction\",\"target\":{\"@type\":\"EntryPoint\",\"urlTemplate\":\"https:\\\/\\\/www.ambisist.cat\\\/?s={search_term_string}\"},\"query-input\":{\"@type\":\"PropertyValueSpecification\",\"valueRequired\":true,\"valueName\":\"search_term_string\"}}],\"inLanguage\":\"es\"},{\"@type\":\"Person\",\"@id\":\"https:\\\/\\\/www.ambisist.cat\\\/#\\\/schema\\\/person\\\/0c718c5403b10646e4c5e10dfea09e8f\",\"name\":\"Ambisist\",\"image\":{\"@type\":\"ImageObject\",\"inLanguage\":\"es\",\"@id\":\"https:\\\/\\\/secure.gravatar.com\\\/avatar\\\/83a823af7034438057ece4a1056870a96b8f667b8ac02e6b2f63491a8bc6ee79?s=96&d=mm&r=g\",\"url\":\"https:\\\/\\\/secure.gravatar.com\\\/avatar\\\/83a823af7034438057ece4a1056870a96b8f667b8ac02e6b2f63491a8bc6ee79?s=96&d=mm&r=g\",\"contentUrl\":\"https:\\\/\\\/secure.gravatar.com\\\/avatar\\\/83a823af7034438057ece4a1056870a96b8f667b8ac02e6b2f63491a8bc6ee79?s=96&d=mm&r=g\",\"caption\":\"Ambisist\"},\"url\":\"https:\\\/\\\/www.ambisist.cat\\\/es\\\/author\\\/gestor\\\/\"}]}<\/script>\n<!-- \/ Yoast SEO plugin. -->","yoast_head_json":{"title":"Limpieza de los conductos de ventilaci\u00f3n - Ambisist","robots":{"index":"index","follow":"follow","max-snippet":"max-snippet:-1","max-image-preview":"max-image-preview:large","max-video-preview":"max-video-preview:-1"},"canonical":"https:\/\/www.ambisist.cat\/es\/neteja-de-conductes-de-ventilacio\/","og_locale":"es_ES","og_type":"article","og_title":"Limpieza de los conductos de ventilaci\u00f3n - Ambisist","og_description":"Muchas empresas disponen de aire acondicionado, calefacci\u00f3n y otras salidas de aire, sistemas formados por conductos de ventilaci\u00f3n. Malogrado su existencia, en muchos casos, no se los tiene en cuenta a la hora de hacer [&hellip;]","og_url":"https:\/\/www.ambisist.cat\/es\/neteja-de-conductes-de-ventilacio\/","og_site_name":"Ambisist","article_published_time":"2019-10-16T07:30:01+00:00","og_image":[{"width":1200,"height":857,"url":"https:\/\/www.ambisist.cat\/wp-content\/uploads\/2019\/07\/airecondicionat.png","type":"image\/png"}],"author":"Ambisist","twitter_card":"summary_large_image","twitter_misc":{"Escrito por":"Ambisist","Tiempo de lectura":"1 minuto"},"schema":{"@context":"https:\/\/schema.org","@graph":[{"@type":"Article","@id":"https:\/\/www.ambisist.cat\/es\/neteja-de-conductes-de-ventilacio\/#article","isPartOf":{"@id":"https:\/\/www.ambisist.cat\/es\/neteja-de-conductes-de-ventilacio\/"},"author":{"name":"Ambisist","@id":"https:\/\/www.ambisist.cat\/#\/schema\/person\/0c718c5403b10646e4c5e10dfea09e8f"},"headline":"Limpieza de los conductos de ventilaci\u00f3n","datePublished":"2019-10-16T07:30:01+00:00","mainEntityOfPage":{"@id":"https:\/\/www.ambisist.cat\/es\/neteja-de-conductes-de-ventilacio\/"},"wordCount":269,"commentCount":0,"image":{"@id":"https:\/\/www.ambisist.cat\/es\/neteja-de-conductes-de-ventilacio\/#primaryimage"},"thumbnailUrl":"https:\/\/www.ambisist.cat\/wp-content\/uploads\/2019\/07\/airecondicionat.png","keywords":["aire condicionado","ambisist","conductos de ventilaci\u00f3n","Limpieza","Productos"],"articleSection":["General"],"inLanguage":"es","potentialAction":[{"@type":"CommentAction","name":"Comment","target":["https:\/\/www.ambisist.cat\/es\/neteja-de-conductes-de-ventilacio\/#respond"]}]},{"@type":"WebPage","@id":"https:\/\/www.ambisist.cat\/es\/neteja-de-conductes-de-ventilacio\/","url":"https:\/\/www.ambisist.cat\/es\/neteja-de-conductes-de-ventilacio\/","name":"Limpieza de los conductos de ventilaci\u00f3n - Ambisist","isPartOf":{"@id":"https:\/\/www.ambisist.cat\/#website"},"primaryImageOfPage":{"@id":"https:\/\/www.ambisist.cat\/es\/neteja-de-conductes-de-ventilacio\/#primaryimage"},"image":{"@id":"https:\/\/www.ambisist.cat\/es\/neteja-de-conductes-de-ventilacio\/#primaryimage"},"thumbnailUrl":"https:\/\/www.ambisist.cat\/wp-content\/uploads\/2019\/07\/airecondicionat.png","datePublished":"2019-10-16T07:30:01+00:00","author":{"@id":"https:\/\/www.ambisist.cat\/#\/schema\/person\/0c718c5403b10646e4c5e10dfea09e8f"},"breadcrumb":{"@id":"https:\/\/www.ambisist.cat\/es\/neteja-de-conductes-de-ventilacio\/#breadcrumb"},"inLanguage":"es","potentialAction":[{"@type":"ReadAction","target":["https:\/\/www.ambisist.cat\/es\/neteja-de-conductes-de-ventilacio\/"]}]},{"@type":"ImageObject","inLanguage":"es","@id":"https:\/\/www.ambisist.cat\/es\/neteja-de-conductes-de-ventilacio\/#primaryimage","url":"https:\/\/www.ambisist.cat\/wp-content\/uploads\/2019\/07\/airecondicionat.png","contentUrl":"https:\/\/www.ambisist.cat\/wp-content\/uploads\/2019\/07\/airecondicionat.png","width":1200,"height":857},{"@type":"BreadcrumbList","@id":"https:\/\/www.ambisist.cat\/es\/neteja-de-conductes-de-ventilacio\/#breadcrumb","itemListElement":[{"@type":"ListItem","position":1,"name":"Portada","item":"https:\/\/www.ambisist.cat\/es\/"},{"@type":"ListItem","position":2,"name":"Limpieza de los conductos de ventilaci\u00f3n"}]},{"@type":"WebSite","@id":"https:\/\/www.ambisist.cat\/#website","url":"https:\/\/www.ambisist.cat\/","name":"Ambisist","description":"Productes i maquin\u00e0ria de netaja","potentialAction":[{"@type":"SearchAction","target":{"@type":"EntryPoint","urlTemplate":"https:\/\/www.ambisist.cat\/?s={search_term_string}"},"query-input":{"@type":"PropertyValueSpecification","valueRequired":true,"valueName":"search_term_string"}}],"inLanguage":"es"},{"@type":"Person","@id":"https:\/\/www.ambisist.cat\/#\/schema\/person\/0c718c5403b10646e4c5e10dfea09e8f","name":"Ambisist","image":{"@type":"ImageObject","inLanguage":"es","@id":"https:\/\/secure.gravatar.com\/avatar\/83a823af7034438057ece4a1056870a96b8f667b8ac02e6b2f63491a8bc6ee79?s=96&d=mm&r=g","url":"https:\/\/secure.gravatar.com\/avatar\/83a823af7034438057ece4a1056870a96b8f667b8ac02e6b2f63491a8bc6ee79?s=96&d=mm&r=g","contentUrl":"https:\/\/secure.gravatar.com\/avatar\/83a823af7034438057ece4a1056870a96b8f667b8ac02e6b2f63491a8bc6ee79?s=96&d=mm&r=g","caption":"Ambisist"},"url":"https:\/\/www.ambisist.cat\/es\/author\/gestor\/"}]}},"_links":{"self":[{"href":"https:\/\/www.ambisist.cat\/es\/wp-json\/wp\/v2\/posts\/3400","targetHints":{"allow":["GET"]}}],"collection":[{"href":"https:\/\/www.ambisist.cat\/es\/wp-json\/wp\/v2\/posts"}],"about":[{"href":"https:\/\/www.ambisist.cat\/es\/wp-json\/wp\/v2\/types\/post"}],"author":[{"embeddable":true,"href":"https:\/\/www.ambisist.cat\/es\/wp-json\/wp\/v2\/users\/2"}],"replies":[{"embeddable":true,"href":"https:\/\/www.ambisist.cat\/es\/wp-json\/wp\/v2\/comments?post=3400"}],"version-history":[{"count":2,"href":"https:\/\/www.ambisist.cat\/es\/wp-json\/wp\/v2\/posts\/3400\/revisions"}],"predecessor-version":[{"id":3402,"href":"https:\/\/www.ambisist.cat\/es\/wp-json\/wp\/v2\/posts\/3400\/revisions\/3402"}],"wp:featuredmedia":[{"embeddable":true,"href":"https:\/\/www.ambisist.cat\/es\/wp-json\/wp\/v2\/media\/3397"}],"wp:attachment":[{"href":"https:\/\/www.ambisist.cat\/es\/wp-json\/wp\/v2\/media?parent=3400"}],"wp:term":[{"taxonomy":"category","embeddable":true,"href":"https:\/\/www.ambisist.cat\/es\/wp-json\/wp\/v2\/categories?post=3400"},{"taxonomy":"post_tag","embeddable":true,"href":"https:\/\/www.ambisist.cat\/es\/wp-json\/wp\/v2\/tags?post=3400"}],"curies":[{"name":"wp","href":"https:\/\/api.w.org\/{rel}","templated":true}]}}