{"id":3222,"date":"2019-06-13T09:00:08","date_gmt":"2019-06-13T07:00:08","guid":{"rendered":"http:\/\/www.ambisist.cat\/?p=3222"},"modified":"2019-05-17T09:10:18","modified_gmt":"2019-05-17T07:10:18","slug":"la-neteja-en-el-teu-negoci","status":"publish","type":"post","link":"https:\/\/www.ambisist.cat\/es\/la-neteja-en-el-teu-negoci\/","title":{"rendered":"La limpieza en tu negocio"},"content":{"rendered":"<p>Sab\u00edas que tomamos muchas decisiones impulsadas por el <strong>olfato<\/strong>? El olor de tu empresa puede ser un factor determinante a la hora de la toma de decisiones de los clientes potenciales. Para cuidar el aspecto del espacio no es necesario un equipo profesional, se puede realizar <strong>de forma individual como trabajador del negocio. <\/strong><\/p>\n<p>Para demostrar que el entorno est\u00e1 cuidado, no nos sirve \u00fanicamente tener un ambientador de olor, ya que este es un adem\u00e1s a tener presente en el espacio. La <strong>limpieza y la higiene del local<\/strong> son la base de hacer de la sala un lugar agradable.<\/p>\n<p>Una vez limpia y ordenada la oficina o espacio, se podr\u00e1 aplicar un ambientador para dar un toque personalizado a tu negocio. De modo que, escoger el olor para tu empresa es un elemento clave, que har\u00e1 que los clientes recuerden el negocio por ese olor olida. En t\u00e9rminos empresariales se habla de <strong>marketing olfativo.<\/strong><\/p>\n<p>Desde Ambisist os animamos a tener un espacio acogedor y limpio, con un olor personalizada y que defina los valores de la empresa.<\/p>\n","protected":false},"excerpt":{"rendered":"<p>Sab\u00edas que tomamos muchas decisiones impulsadas por el olfato? El olor de tu empresa puede ser un factor determinante a la hora de la toma de decisiones de los clientes potenciales. Para cuidar el aspecto [&hellip;]<\/p>\n","protected":false},"author":2,"featured_media":3218,"comment_status":"open","ping_status":"open","sticky":false,"template":"","format":"standard","meta":{"footnotes":""},"categories":[47],"tags":[58,69,123,59],"class_list":["post-3222","post","type-post","status-publish","format-standard","has-post-thumbnail","hentry","category-general-es","tag-ambisist-es","tag-consejos","tag-consejos-limpieza","tag-neteja-es"],"yoast_head":"<!-- This site is optimized with the Yoast SEO plugin v27.3 - https:\/\/yoast.com\/product\/yoast-seo-wordpress\/ -->\n<title>La limpieza en tu negocio - Ambisist<\/title>\n<meta name=\"robots\" content=\"index, follow, max-snippet:-1, max-image-preview:large, max-video-preview:-1\" \/>\n<link rel=\"canonical\" href=\"https:\/\/www.ambisist.cat\/es\/la-neteja-en-el-teu-negoci\/\" \/>\n<meta property=\"og:locale\" content=\"es_ES\" \/>\n<meta property=\"og:type\" content=\"article\" \/>\n<meta property=\"og:title\" content=\"La limpieza en tu negocio - Ambisist\" \/>\n<meta property=\"og:description\" content=\"Sab\u00edas que tomamos muchas decisiones impulsadas por el olfato? El olor de tu empresa puede ser un factor determinante a la hora de la toma de decisiones de los clientes potenciales. Para cuidar el aspecto [&hellip;]\" \/>\n<meta property=\"og:url\" content=\"https:\/\/www.ambisist.cat\/es\/la-neteja-en-el-teu-negoci\/\" \/>\n<meta property=\"og:site_name\" content=\"Ambisist\" \/>\n<meta property=\"article:published_time\" content=\"2019-06-13T07:00:08+00:00\" \/>\n<meta property=\"og:image\" content=\"https:\/\/www.ambisist.cat\/wp-content\/uploads\/2019\/05\/cull-nguyen-1260535-unsplash-scaled.jpg\" \/>\n\t<meta property=\"og:image:width\" content=\"2560\" \/>\n\t<meta property=\"og:image:height\" content=\"1920\" \/>\n\t<meta property=\"og:image:type\" content=\"image\/jpeg\" \/>\n<meta name=\"author\" content=\"Ambisist\" \/>\n<meta name=\"twitter:card\" content=\"summary_large_image\" \/>\n<meta name=\"twitter:label1\" content=\"Escrito por\" \/>\n\t<meta name=\"twitter:data1\" content=\"Ambisist\" \/>\n\t<meta name=\"twitter:label2\" content=\"Tiempo de lectura\" \/>\n\t<meta name=\"twitter:data2\" content=\"1 minuto\" \/>\n<script type=\"application\/ld+json\" class=\"yoast-schema-graph\">{\"@context\":\"https:\\\/\\\/schema.org\",\"@graph\":[{\"@type\":\"Article\",\"@id\":\"https:\\\/\\\/www.ambisist.cat\\\/es\\\/la-neteja-en-el-teu-negoci\\\/#article\",\"isPartOf\":{\"@id\":\"https:\\\/\\\/www.ambisist.cat\\\/es\\\/la-neteja-en-el-teu-negoci\\\/\"},\"author\":{\"name\":\"Ambisist\",\"@id\":\"https:\\\/\\\/www.ambisist.cat\\\/#\\\/schema\\\/person\\\/0c718c5403b10646e4c5e10dfea09e8f\"},\"headline\":\"La limpieza en tu negocio\",\"datePublished\":\"2019-06-13T07:00:08+00:00\",\"mainEntityOfPage\":{\"@id\":\"https:\\\/\\\/www.ambisist.cat\\\/es\\\/la-neteja-en-el-teu-negoci\\\/\"},\"wordCount\":185,\"commentCount\":0,\"image\":{\"@id\":\"https:\\\/\\\/www.ambisist.cat\\\/es\\\/la-neteja-en-el-teu-negoci\\\/#primaryimage\"},\"thumbnailUrl\":\"https:\\\/\\\/www.ambisist.cat\\\/wp-content\\\/uploads\\\/2019\\\/05\\\/cull-nguyen-1260535-unsplash-scaled.jpg\",\"keywords\":[\"ambisist\",\"Consejos\",\"Consejos limpieza\",\"Neteja\"],\"articleSection\":[\"General\"],\"inLanguage\":\"es\",\"potentialAction\":[{\"@type\":\"CommentAction\",\"name\":\"Comment\",\"target\":[\"https:\\\/\\\/www.ambisist.cat\\\/es\\\/la-neteja-en-el-teu-negoci\\\/#respond\"]}]},{\"@type\":\"WebPage\",\"@id\":\"https:\\\/\\\/www.ambisist.cat\\\/es\\\/la-neteja-en-el-teu-negoci\\\/\",\"url\":\"https:\\\/\\\/www.ambisist.cat\\\/es\\\/la-neteja-en-el-teu-negoci\\\/\",\"name\":\"La limpieza en tu negocio - Ambisist\",\"isPartOf\":{\"@id\":\"https:\\\/\\\/www.ambisist.cat\\\/#website\"},\"primaryImageOfPage\":{\"@id\":\"https:\\\/\\\/www.ambisist.cat\\\/es\\\/la-neteja-en-el-teu-negoci\\\/#primaryimage\"},\"image\":{\"@id\":\"https:\\\/\\\/www.ambisist.cat\\\/es\\\/la-neteja-en-el-teu-negoci\\\/#primaryimage\"},\"thumbnailUrl\":\"https:\\\/\\\/www.ambisist.cat\\\/wp-content\\\/uploads\\\/2019\\\/05\\\/cull-nguyen-1260535-unsplash-scaled.jpg\",\"datePublished\":\"2019-06-13T07:00:08+00:00\",\"author\":{\"@id\":\"https:\\\/\\\/www.ambisist.cat\\\/#\\\/schema\\\/person\\\/0c718c5403b10646e4c5e10dfea09e8f\"},\"breadcrumb\":{\"@id\":\"https:\\\/\\\/www.ambisist.cat\\\/es\\\/la-neteja-en-el-teu-negoci\\\/#breadcrumb\"},\"inLanguage\":\"es\",\"potentialAction\":[{\"@type\":\"ReadAction\",\"target\":[\"https:\\\/\\\/www.ambisist.cat\\\/es\\\/la-neteja-en-el-teu-negoci\\\/\"]}]},{\"@type\":\"ImageObject\",\"inLanguage\":\"es\",\"@id\":\"https:\\\/\\\/www.ambisist.cat\\\/es\\\/la-neteja-en-el-teu-negoci\\\/#primaryimage\",\"url\":\"https:\\\/\\\/www.ambisist.cat\\\/wp-content\\\/uploads\\\/2019\\\/05\\\/cull-nguyen-1260535-unsplash-scaled.jpg\",\"contentUrl\":\"https:\\\/\\\/www.ambisist.cat\\\/wp-content\\\/uploads\\\/2019\\\/05\\\/cull-nguyen-1260535-unsplash-scaled.jpg\",\"width\":2560,\"height\":1920},{\"@type\":\"BreadcrumbList\",\"@id\":\"https:\\\/\\\/www.ambisist.cat\\\/es\\\/la-neteja-en-el-teu-negoci\\\/#breadcrumb\",\"itemListElement\":[{\"@type\":\"ListItem\",\"position\":1,\"name\":\"Portada\",\"item\":\"https:\\\/\\\/www.ambisist.cat\\\/es\\\/\"},{\"@type\":\"ListItem\",\"position\":2,\"name\":\"La limpieza en tu negocio\"}]},{\"@type\":\"WebSite\",\"@id\":\"https:\\\/\\\/www.ambisist.cat\\\/#website\",\"url\":\"https:\\\/\\\/www.ambisist.cat\\\/\",\"name\":\"Ambisist\",\"description\":\"Productes i maquin\u00e0ria de netaja\",\"potentialAction\":[{\"@type\":\"SearchAction\",\"target\":{\"@type\":\"EntryPoint\",\"urlTemplate\":\"https:\\\/\\\/www.ambisist.cat\\\/?s={search_term_string}\"},\"query-input\":{\"@type\":\"PropertyValueSpecification\",\"valueRequired\":true,\"valueName\":\"search_term_string\"}}],\"inLanguage\":\"es\"},{\"@type\":\"Person\",\"@id\":\"https:\\\/\\\/www.ambisist.cat\\\/#\\\/schema\\\/person\\\/0c718c5403b10646e4c5e10dfea09e8f\",\"name\":\"Ambisist\",\"image\":{\"@type\":\"ImageObject\",\"inLanguage\":\"es\",\"@id\":\"https:\\\/\\\/secure.gravatar.com\\\/avatar\\\/83a823af7034438057ece4a1056870a96b8f667b8ac02e6b2f63491a8bc6ee79?s=96&d=mm&r=g\",\"url\":\"https:\\\/\\\/secure.gravatar.com\\\/avatar\\\/83a823af7034438057ece4a1056870a96b8f667b8ac02e6b2f63491a8bc6ee79?s=96&d=mm&r=g\",\"contentUrl\":\"https:\\\/\\\/secure.gravatar.com\\\/avatar\\\/83a823af7034438057ece4a1056870a96b8f667b8ac02e6b2f63491a8bc6ee79?s=96&d=mm&r=g\",\"caption\":\"Ambisist\"},\"url\":\"https:\\\/\\\/www.ambisist.cat\\\/es\\\/author\\\/gestor\\\/\"}]}<\/script>\n<!-- \/ Yoast SEO plugin. -->","yoast_head_json":{"title":"La limpieza en tu negocio - Ambisist","robots":{"index":"index","follow":"follow","max-snippet":"max-snippet:-1","max-image-preview":"max-image-preview:large","max-video-preview":"max-video-preview:-1"},"canonical":"https:\/\/www.ambisist.cat\/es\/la-neteja-en-el-teu-negoci\/","og_locale":"es_ES","og_type":"article","og_title":"La limpieza en tu negocio - Ambisist","og_description":"Sab\u00edas que tomamos muchas decisiones impulsadas por el olfato? El olor de tu empresa puede ser un factor determinante a la hora de la toma de decisiones de los clientes potenciales. Para cuidar el aspecto [&hellip;]","og_url":"https:\/\/www.ambisist.cat\/es\/la-neteja-en-el-teu-negoci\/","og_site_name":"Ambisist","article_published_time":"2019-06-13T07:00:08+00:00","og_image":[{"width":2560,"height":1920,"url":"https:\/\/www.ambisist.cat\/wp-content\/uploads\/2019\/05\/cull-nguyen-1260535-unsplash-scaled.jpg","type":"image\/jpeg"}],"author":"Ambisist","twitter_card":"summary_large_image","twitter_misc":{"Escrito por":"Ambisist","Tiempo de lectura":"1 minuto"},"schema":{"@context":"https:\/\/schema.org","@graph":[{"@type":"Article","@id":"https:\/\/www.ambisist.cat\/es\/la-neteja-en-el-teu-negoci\/#article","isPartOf":{"@id":"https:\/\/www.ambisist.cat\/es\/la-neteja-en-el-teu-negoci\/"},"author":{"name":"Ambisist","@id":"https:\/\/www.ambisist.cat\/#\/schema\/person\/0c718c5403b10646e4c5e10dfea09e8f"},"headline":"La limpieza en tu negocio","datePublished":"2019-06-13T07:00:08+00:00","mainEntityOfPage":{"@id":"https:\/\/www.ambisist.cat\/es\/la-neteja-en-el-teu-negoci\/"},"wordCount":185,"commentCount":0,"image":{"@id":"https:\/\/www.ambisist.cat\/es\/la-neteja-en-el-teu-negoci\/#primaryimage"},"thumbnailUrl":"https:\/\/www.ambisist.cat\/wp-content\/uploads\/2019\/05\/cull-nguyen-1260535-unsplash-scaled.jpg","keywords":["ambisist","Consejos","Consejos limpieza","Neteja"],"articleSection":["General"],"inLanguage":"es","potentialAction":[{"@type":"CommentAction","name":"Comment","target":["https:\/\/www.ambisist.cat\/es\/la-neteja-en-el-teu-negoci\/#respond"]}]},{"@type":"WebPage","@id":"https:\/\/www.ambisist.cat\/es\/la-neteja-en-el-teu-negoci\/","url":"https:\/\/www.ambisist.cat\/es\/la-neteja-en-el-teu-negoci\/","name":"La limpieza en tu negocio - Ambisist","isPartOf":{"@id":"https:\/\/www.ambisist.cat\/#website"},"primaryImageOfPage":{"@id":"https:\/\/www.ambisist.cat\/es\/la-neteja-en-el-teu-negoci\/#primaryimage"},"image":{"@id":"https:\/\/www.ambisist.cat\/es\/la-neteja-en-el-teu-negoci\/#primaryimage"},"thumbnailUrl":"https:\/\/www.ambisist.cat\/wp-content\/uploads\/2019\/05\/cull-nguyen-1260535-unsplash-scaled.jpg","datePublished":"2019-06-13T07:00:08+00:00","author":{"@id":"https:\/\/www.ambisist.cat\/#\/schema\/person\/0c718c5403b10646e4c5e10dfea09e8f"},"breadcrumb":{"@id":"https:\/\/www.ambisist.cat\/es\/la-neteja-en-el-teu-negoci\/#breadcrumb"},"inLanguage":"es","potentialAction":[{"@type":"ReadAction","target":["https:\/\/www.ambisist.cat\/es\/la-neteja-en-el-teu-negoci\/"]}]},{"@type":"ImageObject","inLanguage":"es","@id":"https:\/\/www.ambisist.cat\/es\/la-neteja-en-el-teu-negoci\/#primaryimage","url":"https:\/\/www.ambisist.cat\/wp-content\/uploads\/2019\/05\/cull-nguyen-1260535-unsplash-scaled.jpg","contentUrl":"https:\/\/www.ambisist.cat\/wp-content\/uploads\/2019\/05\/cull-nguyen-1260535-unsplash-scaled.jpg","width":2560,"height":1920},{"@type":"BreadcrumbList","@id":"https:\/\/www.ambisist.cat\/es\/la-neteja-en-el-teu-negoci\/#breadcrumb","itemListElement":[{"@type":"ListItem","position":1,"name":"Portada","item":"https:\/\/www.ambisist.cat\/es\/"},{"@type":"ListItem","position":2,"name":"La limpieza en tu negocio"}]},{"@type":"WebSite","@id":"https:\/\/www.ambisist.cat\/#website","url":"https:\/\/www.ambisist.cat\/","name":"Ambisist","description":"Productes i maquin\u00e0ria de netaja","potentialAction":[{"@type":"SearchAction","target":{"@type":"EntryPoint","urlTemplate":"https:\/\/www.ambisist.cat\/?s={search_term_string}"},"query-input":{"@type":"PropertyValueSpecification","valueRequired":true,"valueName":"search_term_string"}}],"inLanguage":"es"},{"@type":"Person","@id":"https:\/\/www.ambisist.cat\/#\/schema\/person\/0c718c5403b10646e4c5e10dfea09e8f","name":"Ambisist","image":{"@type":"ImageObject","inLanguage":"es","@id":"https:\/\/secure.gravatar.com\/avatar\/83a823af7034438057ece4a1056870a96b8f667b8ac02e6b2f63491a8bc6ee79?s=96&d=mm&r=g","url":"https:\/\/secure.gravatar.com\/avatar\/83a823af7034438057ece4a1056870a96b8f667b8ac02e6b2f63491a8bc6ee79?s=96&d=mm&r=g","contentUrl":"https:\/\/secure.gravatar.com\/avatar\/83a823af7034438057ece4a1056870a96b8f667b8ac02e6b2f63491a8bc6ee79?s=96&d=mm&r=g","caption":"Ambisist"},"url":"https:\/\/www.ambisist.cat\/es\/author\/gestor\/"}]}},"_links":{"self":[{"href":"https:\/\/www.ambisist.cat\/es\/wp-json\/wp\/v2\/posts\/3222","targetHints":{"allow":["GET"]}}],"collection":[{"href":"https:\/\/www.ambisist.cat\/es\/wp-json\/wp\/v2\/posts"}],"about":[{"href":"https:\/\/www.ambisist.cat\/es\/wp-json\/wp\/v2\/types\/post"}],"author":[{"embeddable":true,"href":"https:\/\/www.ambisist.cat\/es\/wp-json\/wp\/v2\/users\/2"}],"replies":[{"embeddable":true,"href":"https:\/\/www.ambisist.cat\/es\/wp-json\/wp\/v2\/comments?post=3222"}],"version-history":[{"count":2,"href":"https:\/\/www.ambisist.cat\/es\/wp-json\/wp\/v2\/posts\/3222\/revisions"}],"predecessor-version":[{"id":3226,"href":"https:\/\/www.ambisist.cat\/es\/wp-json\/wp\/v2\/posts\/3222\/revisions\/3226"}],"wp:featuredmedia":[{"embeddable":true,"href":"https:\/\/www.ambisist.cat\/es\/wp-json\/wp\/v2\/media\/3218"}],"wp:attachment":[{"href":"https:\/\/www.ambisist.cat\/es\/wp-json\/wp\/v2\/media?parent=3222"}],"wp:term":[{"taxonomy":"category","embeddable":true,"href":"https:\/\/www.ambisist.cat\/es\/wp-json\/wp\/v2\/categories?post=3222"},{"taxonomy":"post_tag","embeddable":true,"href":"https:\/\/www.ambisist.cat\/es\/wp-json\/wp\/v2\/tags?post=3222"}],"curies":[{"name":"wp","href":"https:\/\/api.w.org\/{rel}","templated":true}]}}