{"id":3185,"date":"2019-04-17T09:00:04","date_gmt":"2019-04-17T07:00:04","guid":{"rendered":"http:\/\/www.ambisist.cat\/?p=3185"},"modified":"2019-04-10T11:04:21","modified_gmt":"2019-04-10T09:04:21","slug":"ponemos-lista-la-terraza-para-el-verano","status":"publish","type":"post","link":"https:\/\/www.ambisist.cat\/es\/ponemos-lista-la-terraza-para-el-verano\/","title":{"rendered":"Ponemos lista la terraza para el verano"},"content":{"rendered":"<p>Llega la temporada de verano, empieza a hacer calor y no hay nada mejor como empezar a preparar el espacio exterior por su llegada. La <strong>terraza<\/strong> es un punto donde los clientes se re\u00fanen para pasar las tardes y las noches de verano, y en muchas ocasiones queda deteriorada por el paso del invierno.<\/p>\n<p>El suelo es el lugar que se ve m\u00e1s afectado, ya que la suciedad queda toda en la parte inferior. Aqu\u00ed os dejamos unos <strong>consejos<\/strong> para poder prepararla y empezar la temporada con el espacio con las mejores condiciones:<\/p>\n<ul>\n<li><strong>Suelo de barro cocido:<\/strong> se trata de un material que aguanta bastante el sol, para poder limpiarlo de la mejor manera , antes que nada se debe eliminar toda la suciedad con una escoba. Despu\u00e9s, se deber\u00e1 frotar con lej\u00eda todo el suelo, para eliminar las manchas. Y finalmente, para que no vuelvan a salir las manchas, tendremos que aplicar una capa de cera.<\/li>\n<li><strong>Suelo de ladrillos<\/strong>: bastante parecido al barro cocido, primero se barre para quitar la suciedad y luego se frota con agua y detergente. Para evitar posibles manchas en el futuro, preparamos una mezcla de aguarr\u00e1s y aceite de linaza, para hacer lucir la terraza.<\/li>\n<li><strong>\u00a0Suelos de madera:<\/strong> este tipo de material en barrer y cepillarlos con agua tienen bastante, pero si est\u00e1 muy deteriorado, lo tendremos que limar y luego barnizar.<\/li>\n<li><strong>\u00a0El c\u00e9sped<\/strong>: antes que nada tendremos que sacar todo el polvo acumulado con un aspirador, y luego la mojaremos con agua a presi\u00f3n y lo cepillaremos con un cepillo duro.<\/li>\n<\/ul>\n<p>Estos son algunos consejos que podr\u00e1s aplicar para preparar la temporada de verano! Desde Ambisist, ofrecemos productos para poder conseguir la limpieza m\u00e1s profesional del mercado, cont\u00e1ctanos si necesitas ayuda.<\/p>\n","protected":false},"excerpt":{"rendered":"<p>Llega la temporada de verano, empieza a hacer calor y no hay nada mejor como empezar a preparar el espacio exterior por su llegada. La terraza es un punto donde los clientes se re\u00fanen para [&hellip;]<\/p>\n","protected":false},"author":2,"featured_media":3182,"comment_status":"open","ping_status":"open","sticky":false,"template":"","format":"standard","meta":{"footnotes":""},"categories":[47],"tags":[58,69,66,59],"class_list":["post-3185","post","type-post","status-publish","format-standard","has-post-thumbnail","hentry","category-general-es","tag-ambisist-es","tag-consejos","tag-consells-es","tag-neteja-es"],"yoast_head":"<!-- This site is optimized with the Yoast SEO plugin v27.3 - https:\/\/yoast.com\/product\/yoast-seo-wordpress\/ -->\n<title>Ponemos lista la terraza para el verano - Ambisist<\/title>\n<meta name=\"robots\" content=\"index, follow, max-snippet:-1, max-image-preview:large, max-video-preview:-1\" \/>\n<link rel=\"canonical\" href=\"https:\/\/www.ambisist.cat\/es\/ponemos-lista-la-terraza-para-el-verano\/\" \/>\n<meta property=\"og:locale\" content=\"es_ES\" \/>\n<meta property=\"og:type\" content=\"article\" \/>\n<meta property=\"og:title\" content=\"Ponemos lista la terraza para el verano - Ambisist\" \/>\n<meta property=\"og:description\" content=\"Llega la temporada de verano, empieza a hacer calor y no hay nada mejor como empezar a preparar el espacio exterior por su llegada. La terraza es un punto donde los clientes se re\u00fanen para [&hellip;]\" \/>\n<meta property=\"og:url\" content=\"https:\/\/www.ambisist.cat\/es\/ponemos-lista-la-terraza-para-el-verano\/\" \/>\n<meta property=\"og:site_name\" content=\"Ambisist\" \/>\n<meta property=\"article:published_time\" content=\"2019-04-17T07:00:04+00:00\" \/>\n<meta property=\"og:image\" content=\"https:\/\/www.ambisist.cat\/wp-content\/uploads\/2019\/04\/temporada-estiu.png\" \/>\n\t<meta property=\"og:image:width\" content=\"1200\" \/>\n\t<meta property=\"og:image:height\" content=\"857\" \/>\n\t<meta property=\"og:image:type\" content=\"image\/png\" \/>\n<meta name=\"author\" content=\"Ambisist\" \/>\n<meta name=\"twitter:card\" content=\"summary_large_image\" \/>\n<meta name=\"twitter:label1\" content=\"Escrito por\" \/>\n\t<meta name=\"twitter:data1\" content=\"Ambisist\" \/>\n\t<meta name=\"twitter:label2\" content=\"Tiempo de lectura\" \/>\n\t<meta name=\"twitter:data2\" content=\"1 minuto\" \/>\n<script type=\"application\/ld+json\" class=\"yoast-schema-graph\">{\"@context\":\"https:\\\/\\\/schema.org\",\"@graph\":[{\"@type\":\"Article\",\"@id\":\"https:\\\/\\\/www.ambisist.cat\\\/es\\\/ponemos-lista-la-terraza-para-el-verano\\\/#article\",\"isPartOf\":{\"@id\":\"https:\\\/\\\/www.ambisist.cat\\\/es\\\/ponemos-lista-la-terraza-para-el-verano\\\/\"},\"author\":{\"name\":\"Ambisist\",\"@id\":\"https:\\\/\\\/www.ambisist.cat\\\/#\\\/schema\\\/person\\\/0c718c5403b10646e4c5e10dfea09e8f\"},\"headline\":\"Ponemos lista la terraza para el verano\",\"datePublished\":\"2019-04-17T07:00:04+00:00\",\"mainEntityOfPage\":{\"@id\":\"https:\\\/\\\/www.ambisist.cat\\\/es\\\/ponemos-lista-la-terraza-para-el-verano\\\/\"},\"wordCount\":304,\"commentCount\":0,\"image\":{\"@id\":\"https:\\\/\\\/www.ambisist.cat\\\/es\\\/ponemos-lista-la-terraza-para-el-verano\\\/#primaryimage\"},\"thumbnailUrl\":\"https:\\\/\\\/www.ambisist.cat\\\/wp-content\\\/uploads\\\/2019\\\/04\\\/temporada-estiu.png\",\"keywords\":[\"ambisist\",\"Consejos\",\"Consells\",\"Neteja\"],\"articleSection\":[\"General\"],\"inLanguage\":\"es\",\"potentialAction\":[{\"@type\":\"CommentAction\",\"name\":\"Comment\",\"target\":[\"https:\\\/\\\/www.ambisist.cat\\\/es\\\/ponemos-lista-la-terraza-para-el-verano\\\/#respond\"]}]},{\"@type\":\"WebPage\",\"@id\":\"https:\\\/\\\/www.ambisist.cat\\\/es\\\/ponemos-lista-la-terraza-para-el-verano\\\/\",\"url\":\"https:\\\/\\\/www.ambisist.cat\\\/es\\\/ponemos-lista-la-terraza-para-el-verano\\\/\",\"name\":\"Ponemos lista la terraza para el verano - Ambisist\",\"isPartOf\":{\"@id\":\"https:\\\/\\\/www.ambisist.cat\\\/#website\"},\"primaryImageOfPage\":{\"@id\":\"https:\\\/\\\/www.ambisist.cat\\\/es\\\/ponemos-lista-la-terraza-para-el-verano\\\/#primaryimage\"},\"image\":{\"@id\":\"https:\\\/\\\/www.ambisist.cat\\\/es\\\/ponemos-lista-la-terraza-para-el-verano\\\/#primaryimage\"},\"thumbnailUrl\":\"https:\\\/\\\/www.ambisist.cat\\\/wp-content\\\/uploads\\\/2019\\\/04\\\/temporada-estiu.png\",\"datePublished\":\"2019-04-17T07:00:04+00:00\",\"author\":{\"@id\":\"https:\\\/\\\/www.ambisist.cat\\\/#\\\/schema\\\/person\\\/0c718c5403b10646e4c5e10dfea09e8f\"},\"breadcrumb\":{\"@id\":\"https:\\\/\\\/www.ambisist.cat\\\/es\\\/ponemos-lista-la-terraza-para-el-verano\\\/#breadcrumb\"},\"inLanguage\":\"es\",\"potentialAction\":[{\"@type\":\"ReadAction\",\"target\":[\"https:\\\/\\\/www.ambisist.cat\\\/es\\\/ponemos-lista-la-terraza-para-el-verano\\\/\"]}]},{\"@type\":\"ImageObject\",\"inLanguage\":\"es\",\"@id\":\"https:\\\/\\\/www.ambisist.cat\\\/es\\\/ponemos-lista-la-terraza-para-el-verano\\\/#primaryimage\",\"url\":\"https:\\\/\\\/www.ambisist.cat\\\/wp-content\\\/uploads\\\/2019\\\/04\\\/temporada-estiu.png\",\"contentUrl\":\"https:\\\/\\\/www.ambisist.cat\\\/wp-content\\\/uploads\\\/2019\\\/04\\\/temporada-estiu.png\",\"width\":1200,\"height\":857},{\"@type\":\"BreadcrumbList\",\"@id\":\"https:\\\/\\\/www.ambisist.cat\\\/es\\\/ponemos-lista-la-terraza-para-el-verano\\\/#breadcrumb\",\"itemListElement\":[{\"@type\":\"ListItem\",\"position\":1,\"name\":\"Portada\",\"item\":\"https:\\\/\\\/www.ambisist.cat\\\/es\\\/\"},{\"@type\":\"ListItem\",\"position\":2,\"name\":\"Ponemos lista la terraza para el verano\"}]},{\"@type\":\"WebSite\",\"@id\":\"https:\\\/\\\/www.ambisist.cat\\\/#website\",\"url\":\"https:\\\/\\\/www.ambisist.cat\\\/\",\"name\":\"Ambisist\",\"description\":\"Productes i maquin\u00e0ria de netaja\",\"potentialAction\":[{\"@type\":\"SearchAction\",\"target\":{\"@type\":\"EntryPoint\",\"urlTemplate\":\"https:\\\/\\\/www.ambisist.cat\\\/?s={search_term_string}\"},\"query-input\":{\"@type\":\"PropertyValueSpecification\",\"valueRequired\":true,\"valueName\":\"search_term_string\"}}],\"inLanguage\":\"es\"},{\"@type\":\"Person\",\"@id\":\"https:\\\/\\\/www.ambisist.cat\\\/#\\\/schema\\\/person\\\/0c718c5403b10646e4c5e10dfea09e8f\",\"name\":\"Ambisist\",\"image\":{\"@type\":\"ImageObject\",\"inLanguage\":\"es\",\"@id\":\"https:\\\/\\\/secure.gravatar.com\\\/avatar\\\/83a823af7034438057ece4a1056870a96b8f667b8ac02e6b2f63491a8bc6ee79?s=96&d=mm&r=g\",\"url\":\"https:\\\/\\\/secure.gravatar.com\\\/avatar\\\/83a823af7034438057ece4a1056870a96b8f667b8ac02e6b2f63491a8bc6ee79?s=96&d=mm&r=g\",\"contentUrl\":\"https:\\\/\\\/secure.gravatar.com\\\/avatar\\\/83a823af7034438057ece4a1056870a96b8f667b8ac02e6b2f63491a8bc6ee79?s=96&d=mm&r=g\",\"caption\":\"Ambisist\"},\"url\":\"https:\\\/\\\/www.ambisist.cat\\\/es\\\/author\\\/gestor\\\/\"}]}<\/script>\n<!-- \/ Yoast SEO plugin. -->","yoast_head_json":{"title":"Ponemos lista la terraza para el verano - Ambisist","robots":{"index":"index","follow":"follow","max-snippet":"max-snippet:-1","max-image-preview":"max-image-preview:large","max-video-preview":"max-video-preview:-1"},"canonical":"https:\/\/www.ambisist.cat\/es\/ponemos-lista-la-terraza-para-el-verano\/","og_locale":"es_ES","og_type":"article","og_title":"Ponemos lista la terraza para el verano - Ambisist","og_description":"Llega la temporada de verano, empieza a hacer calor y no hay nada mejor como empezar a preparar el espacio exterior por su llegada. La terraza es un punto donde los clientes se re\u00fanen para [&hellip;]","og_url":"https:\/\/www.ambisist.cat\/es\/ponemos-lista-la-terraza-para-el-verano\/","og_site_name":"Ambisist","article_published_time":"2019-04-17T07:00:04+00:00","og_image":[{"width":1200,"height":857,"url":"https:\/\/www.ambisist.cat\/wp-content\/uploads\/2019\/04\/temporada-estiu.png","type":"image\/png"}],"author":"Ambisist","twitter_card":"summary_large_image","twitter_misc":{"Escrito por":"Ambisist","Tiempo de lectura":"1 minuto"},"schema":{"@context":"https:\/\/schema.org","@graph":[{"@type":"Article","@id":"https:\/\/www.ambisist.cat\/es\/ponemos-lista-la-terraza-para-el-verano\/#article","isPartOf":{"@id":"https:\/\/www.ambisist.cat\/es\/ponemos-lista-la-terraza-para-el-verano\/"},"author":{"name":"Ambisist","@id":"https:\/\/www.ambisist.cat\/#\/schema\/person\/0c718c5403b10646e4c5e10dfea09e8f"},"headline":"Ponemos lista la terraza para el verano","datePublished":"2019-04-17T07:00:04+00:00","mainEntityOfPage":{"@id":"https:\/\/www.ambisist.cat\/es\/ponemos-lista-la-terraza-para-el-verano\/"},"wordCount":304,"commentCount":0,"image":{"@id":"https:\/\/www.ambisist.cat\/es\/ponemos-lista-la-terraza-para-el-verano\/#primaryimage"},"thumbnailUrl":"https:\/\/www.ambisist.cat\/wp-content\/uploads\/2019\/04\/temporada-estiu.png","keywords":["ambisist","Consejos","Consells","Neteja"],"articleSection":["General"],"inLanguage":"es","potentialAction":[{"@type":"CommentAction","name":"Comment","target":["https:\/\/www.ambisist.cat\/es\/ponemos-lista-la-terraza-para-el-verano\/#respond"]}]},{"@type":"WebPage","@id":"https:\/\/www.ambisist.cat\/es\/ponemos-lista-la-terraza-para-el-verano\/","url":"https:\/\/www.ambisist.cat\/es\/ponemos-lista-la-terraza-para-el-verano\/","name":"Ponemos lista la terraza para el verano - Ambisist","isPartOf":{"@id":"https:\/\/www.ambisist.cat\/#website"},"primaryImageOfPage":{"@id":"https:\/\/www.ambisist.cat\/es\/ponemos-lista-la-terraza-para-el-verano\/#primaryimage"},"image":{"@id":"https:\/\/www.ambisist.cat\/es\/ponemos-lista-la-terraza-para-el-verano\/#primaryimage"},"thumbnailUrl":"https:\/\/www.ambisist.cat\/wp-content\/uploads\/2019\/04\/temporada-estiu.png","datePublished":"2019-04-17T07:00:04+00:00","author":{"@id":"https:\/\/www.ambisist.cat\/#\/schema\/person\/0c718c5403b10646e4c5e10dfea09e8f"},"breadcrumb":{"@id":"https:\/\/www.ambisist.cat\/es\/ponemos-lista-la-terraza-para-el-verano\/#breadcrumb"},"inLanguage":"es","potentialAction":[{"@type":"ReadAction","target":["https:\/\/www.ambisist.cat\/es\/ponemos-lista-la-terraza-para-el-verano\/"]}]},{"@type":"ImageObject","inLanguage":"es","@id":"https:\/\/www.ambisist.cat\/es\/ponemos-lista-la-terraza-para-el-verano\/#primaryimage","url":"https:\/\/www.ambisist.cat\/wp-content\/uploads\/2019\/04\/temporada-estiu.png","contentUrl":"https:\/\/www.ambisist.cat\/wp-content\/uploads\/2019\/04\/temporada-estiu.png","width":1200,"height":857},{"@type":"BreadcrumbList","@id":"https:\/\/www.ambisist.cat\/es\/ponemos-lista-la-terraza-para-el-verano\/#breadcrumb","itemListElement":[{"@type":"ListItem","position":1,"name":"Portada","item":"https:\/\/www.ambisist.cat\/es\/"},{"@type":"ListItem","position":2,"name":"Ponemos lista la terraza para el verano"}]},{"@type":"WebSite","@id":"https:\/\/www.ambisist.cat\/#website","url":"https:\/\/www.ambisist.cat\/","name":"Ambisist","description":"Productes i maquin\u00e0ria de netaja","potentialAction":[{"@type":"SearchAction","target":{"@type":"EntryPoint","urlTemplate":"https:\/\/www.ambisist.cat\/?s={search_term_string}"},"query-input":{"@type":"PropertyValueSpecification","valueRequired":true,"valueName":"search_term_string"}}],"inLanguage":"es"},{"@type":"Person","@id":"https:\/\/www.ambisist.cat\/#\/schema\/person\/0c718c5403b10646e4c5e10dfea09e8f","name":"Ambisist","image":{"@type":"ImageObject","inLanguage":"es","@id":"https:\/\/secure.gravatar.com\/avatar\/83a823af7034438057ece4a1056870a96b8f667b8ac02e6b2f63491a8bc6ee79?s=96&d=mm&r=g","url":"https:\/\/secure.gravatar.com\/avatar\/83a823af7034438057ece4a1056870a96b8f667b8ac02e6b2f63491a8bc6ee79?s=96&d=mm&r=g","contentUrl":"https:\/\/secure.gravatar.com\/avatar\/83a823af7034438057ece4a1056870a96b8f667b8ac02e6b2f63491a8bc6ee79?s=96&d=mm&r=g","caption":"Ambisist"},"url":"https:\/\/www.ambisist.cat\/es\/author\/gestor\/"}]}},"_links":{"self":[{"href":"https:\/\/www.ambisist.cat\/es\/wp-json\/wp\/v2\/posts\/3185","targetHints":{"allow":["GET"]}}],"collection":[{"href":"https:\/\/www.ambisist.cat\/es\/wp-json\/wp\/v2\/posts"}],"about":[{"href":"https:\/\/www.ambisist.cat\/es\/wp-json\/wp\/v2\/types\/post"}],"author":[{"embeddable":true,"href":"https:\/\/www.ambisist.cat\/es\/wp-json\/wp\/v2\/users\/2"}],"replies":[{"embeddable":true,"href":"https:\/\/www.ambisist.cat\/es\/wp-json\/wp\/v2\/comments?post=3185"}],"version-history":[{"count":1,"href":"https:\/\/www.ambisist.cat\/es\/wp-json\/wp\/v2\/posts\/3185\/revisions"}],"predecessor-version":[{"id":3187,"href":"https:\/\/www.ambisist.cat\/es\/wp-json\/wp\/v2\/posts\/3185\/revisions\/3187"}],"wp:featuredmedia":[{"embeddable":true,"href":"https:\/\/www.ambisist.cat\/es\/wp-json\/wp\/v2\/media\/3182"}],"wp:attachment":[{"href":"https:\/\/www.ambisist.cat\/es\/wp-json\/wp\/v2\/media?parent=3185"}],"wp:term":[{"taxonomy":"category","embeddable":true,"href":"https:\/\/www.ambisist.cat\/es\/wp-json\/wp\/v2\/categories?post=3185"},{"taxonomy":"post_tag","embeddable":true,"href":"https:\/\/www.ambisist.cat\/es\/wp-json\/wp\/v2\/tags?post=3185"}],"curies":[{"name":"wp","href":"https:\/\/api.w.org\/{rel}","templated":true}]}}