{"id":2985,"date":"2022-01-30T12:56:33","date_gmt":"2022-01-30T10:56:33","guid":{"rendered":"http:\/\/www.ambisist.cat\/?p=2985"},"modified":"2022-02-21T21:18:59","modified_gmt":"2022-02-21T19:18:59","slug":"com-mantenir-net-un-vehicle-comercial","status":"publish","type":"post","link":"https:\/\/www.ambisist.cat\/es\/com-mantenir-net-un-vehicle-comercial\/","title":{"rendered":"\u00bfC\u00f3mo mantener limpio un veh\u00edculo comercial?"},"content":{"rendered":"<p>En muchos casos, los profesionales disponen de veh\u00edculos comerciales para el transporte de mercanc\u00edas o para la distribuci\u00f3n de sus productos. Estas furgonetas, camiones o coches, muchas veces debido a su uso, quedan deteriorados, antes de lo previsto por la falta de limpieza.<\/p>\n<p>Desde Ambisist os proponemos varios consejos para evitar este deterioro y disfrutar m\u00e1s tiempo de los veh\u00edculos:<\/p>\n<ul>\n<li><strong>Utilizaci\u00f3n de protectores:<\/strong> En los asientos o espacios m\u00e1s concurridos, podemos utilizar protectores que nos ayudar\u00e1n a no desgastar tanto la tapicer\u00eda. Tambi\u00e9n en los espacios de almacenamiento se pueden poner lonas en el suelo.<\/li>\n<li><strong>Moquetas y alfombras:<\/strong> Es muy importante limpiar a menudo las moquetas y alfombras de los veh\u00edculos. Podemos llevarlas a un profesional o hacerlo de forma aut\u00f3noma.<\/li>\n<li><strong>Limpieza exterior:<\/strong> Hay que seguir una regularidad para mantener limpio el veh\u00edculo de su exterior. Seguramente dependiendo del tipo que sea, ser\u00e1 m\u00e1s o menos f\u00e1cil cumplir este punto. Aun as\u00ed, debemos pensar que es la parte que ve el cliente y forma parte de nuestra imagen como empresa. \u00a1Ah, no lo limpies los d\u00edas de lluvia!<\/li>\n<li><strong>Limpieza interior:<\/strong> Si mantenemos un orden para cumplir los puntos anteriores, las limpiezas interiores podr\u00e1n llevarse a cabo m\u00e1s puntualmente. Una vez al mes, es como el m\u00ednimo que se debe hacer.<\/li>\n<\/ul>\n<p>Los profesionales del sector son expertos en las limpiezas. Si necesita m\u00e1s informaci\u00f3n, puede contactar con ellos y le aconsejar\u00e1n.<\/p>\n","protected":false},"excerpt":{"rendered":"<p>En muchos casos, los profesionales disponen de veh\u00edculos comerciales para el transporte de mercanc\u00edas o para la distribuci\u00f3n de sus productos. Estas furgonetas, camiones o coches, muchas veces debido a su uso, quedan deteriorados, antes [&hellip;]<\/p>\n","protected":false},"author":2,"featured_media":2983,"comment_status":"open","ping_status":"open","sticky":false,"template":"","format":"standard","meta":{"footnotes":""},"categories":[47],"tags":[58,110,61,59,133,130,131,132],"class_list":["post-2985","post","type-post","status-publish","format-standard","has-post-thumbnail","hentry","category-general-es","tag-ambisist-es","tag-girona-es","tag-limpieza","tag-neteja-es","tag-profesionales","tag-professionals-es","tag-vehicle-comercial-es","tag-vehiculo-comercial"],"yoast_head":"<!-- This site is optimized with the Yoast SEO plugin v27.3 - https:\/\/yoast.com\/product\/yoast-seo-wordpress\/ -->\n<title>\u00bfC\u00f3mo mantener limpio un veh\u00edculo comercial? - Ambisist<\/title>\n<meta name=\"robots\" content=\"index, follow, max-snippet:-1, max-image-preview:large, max-video-preview:-1\" \/>\n<link rel=\"canonical\" href=\"https:\/\/www.ambisist.cat\/es\/com-mantenir-net-un-vehicle-comercial\/\" \/>\n<meta property=\"og:locale\" content=\"es_ES\" \/>\n<meta property=\"og:type\" content=\"article\" \/>\n<meta property=\"og:title\" content=\"\u00bfC\u00f3mo mantener limpio un veh\u00edculo comercial? - Ambisist\" \/>\n<meta property=\"og:description\" content=\"En muchos casos, los profesionales disponen de veh\u00edculos comerciales para el transporte de mercanc\u00edas o para la distribuci\u00f3n de sus productos. Estas furgonetas, camiones o coches, muchas veces debido a su uso, quedan deteriorados, antes [&hellip;]\" \/>\n<meta property=\"og:url\" content=\"https:\/\/www.ambisist.cat\/es\/com-mantenir-net-un-vehicle-comercial\/\" \/>\n<meta property=\"og:site_name\" content=\"Ambisist\" \/>\n<meta property=\"article:published_time\" content=\"2022-01-30T10:56:33+00:00\" \/>\n<meta property=\"article:modified_time\" content=\"2022-02-21T19:18:59+00:00\" \/>\n<meta property=\"og:image\" content=\"https:\/\/www.ambisist.cat\/wp-content\/uploads\/2018\/12\/adult-automotive-blur-13861-scaled.jpg\" \/>\n\t<meta property=\"og:image:width\" content=\"2560\" \/>\n\t<meta property=\"og:image:height\" content=\"1707\" \/>\n\t<meta property=\"og:image:type\" content=\"image\/jpeg\" \/>\n<meta name=\"author\" content=\"Ambisist\" \/>\n<meta name=\"twitter:card\" content=\"summary_large_image\" \/>\n<meta name=\"twitter:label1\" content=\"Escrito por\" \/>\n\t<meta name=\"twitter:data1\" content=\"Ambisist\" \/>\n\t<meta name=\"twitter:label2\" content=\"Tiempo de lectura\" \/>\n\t<meta name=\"twitter:data2\" content=\"1 minuto\" \/>\n<script type=\"application\/ld+json\" class=\"yoast-schema-graph\">{\"@context\":\"https:\\\/\\\/schema.org\",\"@graph\":[{\"@type\":\"Article\",\"@id\":\"https:\\\/\\\/www.ambisist.cat\\\/es\\\/com-mantenir-net-un-vehicle-comercial\\\/#article\",\"isPartOf\":{\"@id\":\"https:\\\/\\\/www.ambisist.cat\\\/es\\\/com-mantenir-net-un-vehicle-comercial\\\/\"},\"author\":{\"name\":\"Ambisist\",\"@id\":\"https:\\\/\\\/www.ambisist.cat\\\/#\\\/schema\\\/person\\\/0c718c5403b10646e4c5e10dfea09e8f\"},\"headline\":\"\u00bfC\u00f3mo mantener limpio un veh\u00edculo comercial?\",\"datePublished\":\"2022-01-30T10:56:33+00:00\",\"dateModified\":\"2022-02-21T19:18:59+00:00\",\"mainEntityOfPage\":{\"@id\":\"https:\\\/\\\/www.ambisist.cat\\\/es\\\/com-mantenir-net-un-vehicle-comercial\\\/\"},\"wordCount\":260,\"commentCount\":0,\"image\":{\"@id\":\"https:\\\/\\\/www.ambisist.cat\\\/es\\\/com-mantenir-net-un-vehicle-comercial\\\/#primaryimage\"},\"thumbnailUrl\":\"https:\\\/\\\/www.ambisist.cat\\\/wp-content\\\/uploads\\\/2018\\\/12\\\/adult-automotive-blur-13861-scaled.jpg\",\"keywords\":[\"ambisist\",\"Girona\",\"Limpieza\",\"Neteja\",\"profesionales\",\"professionals\",\"vehicle comercial\",\"veh\u00edculo comercial\"],\"articleSection\":[\"General\"],\"inLanguage\":\"es\",\"potentialAction\":[{\"@type\":\"CommentAction\",\"name\":\"Comment\",\"target\":[\"https:\\\/\\\/www.ambisist.cat\\\/es\\\/com-mantenir-net-un-vehicle-comercial\\\/#respond\"]}]},{\"@type\":\"WebPage\",\"@id\":\"https:\\\/\\\/www.ambisist.cat\\\/es\\\/com-mantenir-net-un-vehicle-comercial\\\/\",\"url\":\"https:\\\/\\\/www.ambisist.cat\\\/es\\\/com-mantenir-net-un-vehicle-comercial\\\/\",\"name\":\"\u00bfC\u00f3mo mantener limpio un veh\u00edculo comercial? - Ambisist\",\"isPartOf\":{\"@id\":\"https:\\\/\\\/www.ambisist.cat\\\/#website\"},\"primaryImageOfPage\":{\"@id\":\"https:\\\/\\\/www.ambisist.cat\\\/es\\\/com-mantenir-net-un-vehicle-comercial\\\/#primaryimage\"},\"image\":{\"@id\":\"https:\\\/\\\/www.ambisist.cat\\\/es\\\/com-mantenir-net-un-vehicle-comercial\\\/#primaryimage\"},\"thumbnailUrl\":\"https:\\\/\\\/www.ambisist.cat\\\/wp-content\\\/uploads\\\/2018\\\/12\\\/adult-automotive-blur-13861-scaled.jpg\",\"datePublished\":\"2022-01-30T10:56:33+00:00\",\"dateModified\":\"2022-02-21T19:18:59+00:00\",\"author\":{\"@id\":\"https:\\\/\\\/www.ambisist.cat\\\/#\\\/schema\\\/person\\\/0c718c5403b10646e4c5e10dfea09e8f\"},\"breadcrumb\":{\"@id\":\"https:\\\/\\\/www.ambisist.cat\\\/es\\\/com-mantenir-net-un-vehicle-comercial\\\/#breadcrumb\"},\"inLanguage\":\"es\",\"potentialAction\":[{\"@type\":\"ReadAction\",\"target\":[\"https:\\\/\\\/www.ambisist.cat\\\/es\\\/com-mantenir-net-un-vehicle-comercial\\\/\"]}]},{\"@type\":\"ImageObject\",\"inLanguage\":\"es\",\"@id\":\"https:\\\/\\\/www.ambisist.cat\\\/es\\\/com-mantenir-net-un-vehicle-comercial\\\/#primaryimage\",\"url\":\"https:\\\/\\\/www.ambisist.cat\\\/wp-content\\\/uploads\\\/2018\\\/12\\\/adult-automotive-blur-13861-scaled.jpg\",\"contentUrl\":\"https:\\\/\\\/www.ambisist.cat\\\/wp-content\\\/uploads\\\/2018\\\/12\\\/adult-automotive-blur-13861-scaled.jpg\",\"width\":2560,\"height\":1707},{\"@type\":\"BreadcrumbList\",\"@id\":\"https:\\\/\\\/www.ambisist.cat\\\/es\\\/com-mantenir-net-un-vehicle-comercial\\\/#breadcrumb\",\"itemListElement\":[{\"@type\":\"ListItem\",\"position\":1,\"name\":\"Portada\",\"item\":\"https:\\\/\\\/www.ambisist.cat\\\/es\\\/\"},{\"@type\":\"ListItem\",\"position\":2,\"name\":\"\u00bfC\u00f3mo mantener limpio un veh\u00edculo comercial?\"}]},{\"@type\":\"WebSite\",\"@id\":\"https:\\\/\\\/www.ambisist.cat\\\/#website\",\"url\":\"https:\\\/\\\/www.ambisist.cat\\\/\",\"name\":\"Ambisist\",\"description\":\"Productes i maquin\u00e0ria de netaja\",\"potentialAction\":[{\"@type\":\"SearchAction\",\"target\":{\"@type\":\"EntryPoint\",\"urlTemplate\":\"https:\\\/\\\/www.ambisist.cat\\\/?s={search_term_string}\"},\"query-input\":{\"@type\":\"PropertyValueSpecification\",\"valueRequired\":true,\"valueName\":\"search_term_string\"}}],\"inLanguage\":\"es\"},{\"@type\":\"Person\",\"@id\":\"https:\\\/\\\/www.ambisist.cat\\\/#\\\/schema\\\/person\\\/0c718c5403b10646e4c5e10dfea09e8f\",\"name\":\"Ambisist\",\"image\":{\"@type\":\"ImageObject\",\"inLanguage\":\"es\",\"@id\":\"https:\\\/\\\/secure.gravatar.com\\\/avatar\\\/83a823af7034438057ece4a1056870a96b8f667b8ac02e6b2f63491a8bc6ee79?s=96&d=mm&r=g\",\"url\":\"https:\\\/\\\/secure.gravatar.com\\\/avatar\\\/83a823af7034438057ece4a1056870a96b8f667b8ac02e6b2f63491a8bc6ee79?s=96&d=mm&r=g\",\"contentUrl\":\"https:\\\/\\\/secure.gravatar.com\\\/avatar\\\/83a823af7034438057ece4a1056870a96b8f667b8ac02e6b2f63491a8bc6ee79?s=96&d=mm&r=g\",\"caption\":\"Ambisist\"},\"url\":\"https:\\\/\\\/www.ambisist.cat\\\/es\\\/author\\\/gestor\\\/\"}]}<\/script>\n<!-- \/ Yoast SEO plugin. -->","yoast_head_json":{"title":"\u00bfC\u00f3mo mantener limpio un veh\u00edculo comercial? - Ambisist","robots":{"index":"index","follow":"follow","max-snippet":"max-snippet:-1","max-image-preview":"max-image-preview:large","max-video-preview":"max-video-preview:-1"},"canonical":"https:\/\/www.ambisist.cat\/es\/com-mantenir-net-un-vehicle-comercial\/","og_locale":"es_ES","og_type":"article","og_title":"\u00bfC\u00f3mo mantener limpio un veh\u00edculo comercial? - Ambisist","og_description":"En muchos casos, los profesionales disponen de veh\u00edculos comerciales para el transporte de mercanc\u00edas o para la distribuci\u00f3n de sus productos. Estas furgonetas, camiones o coches, muchas veces debido a su uso, quedan deteriorados, antes [&hellip;]","og_url":"https:\/\/www.ambisist.cat\/es\/com-mantenir-net-un-vehicle-comercial\/","og_site_name":"Ambisist","article_published_time":"2022-01-30T10:56:33+00:00","article_modified_time":"2022-02-21T19:18:59+00:00","og_image":[{"width":2560,"height":1707,"url":"https:\/\/www.ambisist.cat\/wp-content\/uploads\/2018\/12\/adult-automotive-blur-13861-scaled.jpg","type":"image\/jpeg"}],"author":"Ambisist","twitter_card":"summary_large_image","twitter_misc":{"Escrito por":"Ambisist","Tiempo de lectura":"1 minuto"},"schema":{"@context":"https:\/\/schema.org","@graph":[{"@type":"Article","@id":"https:\/\/www.ambisist.cat\/es\/com-mantenir-net-un-vehicle-comercial\/#article","isPartOf":{"@id":"https:\/\/www.ambisist.cat\/es\/com-mantenir-net-un-vehicle-comercial\/"},"author":{"name":"Ambisist","@id":"https:\/\/www.ambisist.cat\/#\/schema\/person\/0c718c5403b10646e4c5e10dfea09e8f"},"headline":"\u00bfC\u00f3mo mantener limpio un veh\u00edculo comercial?","datePublished":"2022-01-30T10:56:33+00:00","dateModified":"2022-02-21T19:18:59+00:00","mainEntityOfPage":{"@id":"https:\/\/www.ambisist.cat\/es\/com-mantenir-net-un-vehicle-comercial\/"},"wordCount":260,"commentCount":0,"image":{"@id":"https:\/\/www.ambisist.cat\/es\/com-mantenir-net-un-vehicle-comercial\/#primaryimage"},"thumbnailUrl":"https:\/\/www.ambisist.cat\/wp-content\/uploads\/2018\/12\/adult-automotive-blur-13861-scaled.jpg","keywords":["ambisist","Girona","Limpieza","Neteja","profesionales","professionals","vehicle comercial","veh\u00edculo comercial"],"articleSection":["General"],"inLanguage":"es","potentialAction":[{"@type":"CommentAction","name":"Comment","target":["https:\/\/www.ambisist.cat\/es\/com-mantenir-net-un-vehicle-comercial\/#respond"]}]},{"@type":"WebPage","@id":"https:\/\/www.ambisist.cat\/es\/com-mantenir-net-un-vehicle-comercial\/","url":"https:\/\/www.ambisist.cat\/es\/com-mantenir-net-un-vehicle-comercial\/","name":"\u00bfC\u00f3mo mantener limpio un veh\u00edculo comercial? - Ambisist","isPartOf":{"@id":"https:\/\/www.ambisist.cat\/#website"},"primaryImageOfPage":{"@id":"https:\/\/www.ambisist.cat\/es\/com-mantenir-net-un-vehicle-comercial\/#primaryimage"},"image":{"@id":"https:\/\/www.ambisist.cat\/es\/com-mantenir-net-un-vehicle-comercial\/#primaryimage"},"thumbnailUrl":"https:\/\/www.ambisist.cat\/wp-content\/uploads\/2018\/12\/adult-automotive-blur-13861-scaled.jpg","datePublished":"2022-01-30T10:56:33+00:00","dateModified":"2022-02-21T19:18:59+00:00","author":{"@id":"https:\/\/www.ambisist.cat\/#\/schema\/person\/0c718c5403b10646e4c5e10dfea09e8f"},"breadcrumb":{"@id":"https:\/\/www.ambisist.cat\/es\/com-mantenir-net-un-vehicle-comercial\/#breadcrumb"},"inLanguage":"es","potentialAction":[{"@type":"ReadAction","target":["https:\/\/www.ambisist.cat\/es\/com-mantenir-net-un-vehicle-comercial\/"]}]},{"@type":"ImageObject","inLanguage":"es","@id":"https:\/\/www.ambisist.cat\/es\/com-mantenir-net-un-vehicle-comercial\/#primaryimage","url":"https:\/\/www.ambisist.cat\/wp-content\/uploads\/2018\/12\/adult-automotive-blur-13861-scaled.jpg","contentUrl":"https:\/\/www.ambisist.cat\/wp-content\/uploads\/2018\/12\/adult-automotive-blur-13861-scaled.jpg","width":2560,"height":1707},{"@type":"BreadcrumbList","@id":"https:\/\/www.ambisist.cat\/es\/com-mantenir-net-un-vehicle-comercial\/#breadcrumb","itemListElement":[{"@type":"ListItem","position":1,"name":"Portada","item":"https:\/\/www.ambisist.cat\/es\/"},{"@type":"ListItem","position":2,"name":"\u00bfC\u00f3mo mantener limpio un veh\u00edculo comercial?"}]},{"@type":"WebSite","@id":"https:\/\/www.ambisist.cat\/#website","url":"https:\/\/www.ambisist.cat\/","name":"Ambisist","description":"Productes i maquin\u00e0ria de netaja","potentialAction":[{"@type":"SearchAction","target":{"@type":"EntryPoint","urlTemplate":"https:\/\/www.ambisist.cat\/?s={search_term_string}"},"query-input":{"@type":"PropertyValueSpecification","valueRequired":true,"valueName":"search_term_string"}}],"inLanguage":"es"},{"@type":"Person","@id":"https:\/\/www.ambisist.cat\/#\/schema\/person\/0c718c5403b10646e4c5e10dfea09e8f","name":"Ambisist","image":{"@type":"ImageObject","inLanguage":"es","@id":"https:\/\/secure.gravatar.com\/avatar\/83a823af7034438057ece4a1056870a96b8f667b8ac02e6b2f63491a8bc6ee79?s=96&d=mm&r=g","url":"https:\/\/secure.gravatar.com\/avatar\/83a823af7034438057ece4a1056870a96b8f667b8ac02e6b2f63491a8bc6ee79?s=96&d=mm&r=g","contentUrl":"https:\/\/secure.gravatar.com\/avatar\/83a823af7034438057ece4a1056870a96b8f667b8ac02e6b2f63491a8bc6ee79?s=96&d=mm&r=g","caption":"Ambisist"},"url":"https:\/\/www.ambisist.cat\/es\/author\/gestor\/"}]}},"_links":{"self":[{"href":"https:\/\/www.ambisist.cat\/es\/wp-json\/wp\/v2\/posts\/2985","targetHints":{"allow":["GET"]}}],"collection":[{"href":"https:\/\/www.ambisist.cat\/es\/wp-json\/wp\/v2\/posts"}],"about":[{"href":"https:\/\/www.ambisist.cat\/es\/wp-json\/wp\/v2\/types\/post"}],"author":[{"embeddable":true,"href":"https:\/\/www.ambisist.cat\/es\/wp-json\/wp\/v2\/users\/2"}],"replies":[{"embeddable":true,"href":"https:\/\/www.ambisist.cat\/es\/wp-json\/wp\/v2\/comments?post=2985"}],"version-history":[{"count":2,"href":"https:\/\/www.ambisist.cat\/es\/wp-json\/wp\/v2\/posts\/2985\/revisions"}],"predecessor-version":[{"id":2987,"href":"https:\/\/www.ambisist.cat\/es\/wp-json\/wp\/v2\/posts\/2985\/revisions\/2987"}],"wp:featuredmedia":[{"embeddable":true,"href":"https:\/\/www.ambisist.cat\/es\/wp-json\/wp\/v2\/media\/2983"}],"wp:attachment":[{"href":"https:\/\/www.ambisist.cat\/es\/wp-json\/wp\/v2\/media?parent=2985"}],"wp:term":[{"taxonomy":"category","embeddable":true,"href":"https:\/\/www.ambisist.cat\/es\/wp-json\/wp\/v2\/categories?post=2985"},{"taxonomy":"post_tag","embeddable":true,"href":"https:\/\/www.ambisist.cat\/es\/wp-json\/wp\/v2\/tags?post=2985"}],"curies":[{"name":"wp","href":"https:\/\/api.w.org\/{rel}","templated":true}]}}