{"id":2766,"date":"2018-08-10T09:30:26","date_gmt":"2018-08-10T07:30:26","guid":{"rendered":"http:\/\/www.ambisist.cat\/laugment-de-la-demanda-de-productes-de-neteja-industrial\/"},"modified":"2019-11-19T15:34:42","modified_gmt":"2019-11-19T13:34:42","slug":"laugment-de-la-demanda-de-productes-de-neteja-industrial","status":"publish","type":"post","link":"https:\/\/www.ambisist.cat\/es\/laugment-de-la-demanda-de-productes-de-neteja-industrial\/","title":{"rendered":"El aumento de la demanda de productos de limpieza industrial"},"content":{"rendered":"<p>En los dos \u00faltimos a\u00f1os la demanda en l\u00ednea de productos de limpieza ha sufrido un incremento debido a que <strong>en Internet los cat\u00e1logos suelen ser m\u00e1s variados y espec\u00edficos.<\/strong> La facturaci\u00f3n del sector qu\u00edmico en 2017 subi\u00f3 un 7% y se calcula que las transacciones en l\u00ednea un 25%.<\/p>\n<p>Las razones principales de este auge se deben a que los clientes normalmente son <strong>empresas que buscan env\u00edos r\u00e1pidos y productos muy especializados<\/strong> seg\u00fan al sector que se dediquen. El caso de la hosteler\u00eda o medicina son claros ejemplos de este fen\u00f3meno ya que necesitan una puesta a punto renovada regularmente y deben cumplir normativas legales.<\/p>\n<p>Si se analizan los <strong>datos de \u00faltimo informe de Higiene y Salud (2018-2019)<\/strong> se entiende f\u00e1cilmente el auge de los productos de limpieza industrial. Algunas de sus conclusiones fueron las siguientes:<\/p>\n<ul>\n<li>El 40% de los espa\u00f1oles evita los aseos p\u00fablicos preocupados por sus niveles de higiene.<\/li>\n<li>El 24% prefiere no ducharse en el gimnasio.<\/li>\n<li>El 22% procura no comer en puestos ambulantes de comida.<\/li>\n<li>El 59% evita realizar ciertas actividades en la calle.<\/li>\n<\/ul>\n","protected":false},"excerpt":{"rendered":"<p>En los dos \u00faltimos a\u00f1os la demanda en l\u00ednea de productos de limpieza ha sufrido un incremento debido a que en Internet los cat\u00e1logos suelen ser m\u00e1s variados y espec\u00edficos. La facturaci\u00f3n del sector qu\u00edmico [&hellip;]<\/p>\n","protected":false},"author":1,"featured_media":2764,"comment_status":"open","ping_status":"open","sticky":false,"template":"","format":"standard","meta":{"footnotes":""},"categories":[47],"tags":[],"class_list":["post-2766","post","type-post","status-publish","format-standard","has-post-thumbnail","hentry","category-general-es"],"yoast_head":"<!-- This site is optimized with the Yoast SEO plugin v27.3 - https:\/\/yoast.com\/product\/yoast-seo-wordpress\/ -->\n<title>El aumento de la demanda de productos de limpieza industrial - Ambisist<\/title>\n<meta name=\"description\" content=\"Si s\u2019analitzen les dades de l\u2019\u00faltim informe d\u2019Higiene i Salut (2018-2019) s\u2019ent\u00e9n f\u00e0cilment l\u2019increment dels productes de neteja industrial.\" \/>\n<meta name=\"robots\" content=\"index, follow, max-snippet:-1, max-image-preview:large, max-video-preview:-1\" \/>\n<link rel=\"canonical\" href=\"https:\/\/www.ambisist.cat\/es\/laugment-de-la-demanda-de-productes-de-neteja-industrial\/\" \/>\n<meta property=\"og:locale\" content=\"es_ES\" \/>\n<meta property=\"og:type\" content=\"article\" \/>\n<meta property=\"og:title\" content=\"El aumento de la demanda de productos de limpieza industrial - Ambisist\" \/>\n<meta property=\"og:description\" content=\"Si s\u2019analitzen les dades de l\u2019\u00faltim informe d\u2019Higiene i Salut (2018-2019) s\u2019ent\u00e9n f\u00e0cilment l\u2019increment dels productes de neteja industrial.\" \/>\n<meta property=\"og:url\" content=\"https:\/\/www.ambisist.cat\/es\/laugment-de-la-demanda-de-productes-de-neteja-industrial\/\" \/>\n<meta property=\"og:site_name\" content=\"Ambisist\" \/>\n<meta property=\"article:published_time\" content=\"2018-08-10T07:30:26+00:00\" \/>\n<meta property=\"article:modified_time\" content=\"2019-11-19T13:34:42+00:00\" \/>\n<meta property=\"og:image\" content=\"https:\/\/www.ambisist.cat\/wp-content\/uploads\/2018\/08\/2018-08-10.jpg\" \/>\n\t<meta property=\"og:image:width\" content=\"1280\" \/>\n\t<meta property=\"og:image:height\" content=\"855\" \/>\n\t<meta property=\"og:image:type\" content=\"image\/jpeg\" \/>\n<meta name=\"author\" content=\"umbrella\" \/>\n<meta name=\"twitter:card\" content=\"summary_large_image\" \/>\n<meta name=\"twitter:label1\" content=\"Escrito por\" \/>\n\t<meta name=\"twitter:data1\" content=\"umbrella\" \/>\n\t<meta name=\"twitter:label2\" content=\"Tiempo de lectura\" \/>\n\t<meta name=\"twitter:data2\" content=\"1 minuto\" \/>\n<script type=\"application\/ld+json\" class=\"yoast-schema-graph\">{\"@context\":\"https:\\\/\\\/schema.org\",\"@graph\":[{\"@type\":\"Article\",\"@id\":\"https:\\\/\\\/www.ambisist.cat\\\/es\\\/laugment-de-la-demanda-de-productes-de-neteja-industrial\\\/#article\",\"isPartOf\":{\"@id\":\"https:\\\/\\\/www.ambisist.cat\\\/es\\\/laugment-de-la-demanda-de-productes-de-neteja-industrial\\\/\"},\"author\":{\"name\":\"umbrella\",\"@id\":\"https:\\\/\\\/www.ambisist.cat\\\/#\\\/schema\\\/person\\\/55048fc1b769dbd56c1dcfc41f06d22a\"},\"headline\":\"El aumento de la demanda de productos de limpieza industrial\",\"datePublished\":\"2018-08-10T07:30:26+00:00\",\"dateModified\":\"2019-11-19T13:34:42+00:00\",\"mainEntityOfPage\":{\"@id\":\"https:\\\/\\\/www.ambisist.cat\\\/es\\\/laugment-de-la-demanda-de-productes-de-neteja-industrial\\\/\"},\"wordCount\":198,\"commentCount\":0,\"image\":{\"@id\":\"https:\\\/\\\/www.ambisist.cat\\\/es\\\/laugment-de-la-demanda-de-productes-de-neteja-industrial\\\/#primaryimage\"},\"thumbnailUrl\":\"https:\\\/\\\/www.ambisist.cat\\\/wp-content\\\/uploads\\\/2018\\\/08\\\/2018-08-10.jpg\",\"articleSection\":[\"General\"],\"inLanguage\":\"es\",\"potentialAction\":[{\"@type\":\"CommentAction\",\"name\":\"Comment\",\"target\":[\"https:\\\/\\\/www.ambisist.cat\\\/es\\\/laugment-de-la-demanda-de-productes-de-neteja-industrial\\\/#respond\"]}]},{\"@type\":\"WebPage\",\"@id\":\"https:\\\/\\\/www.ambisist.cat\\\/es\\\/laugment-de-la-demanda-de-productes-de-neteja-industrial\\\/\",\"url\":\"https:\\\/\\\/www.ambisist.cat\\\/es\\\/laugment-de-la-demanda-de-productes-de-neteja-industrial\\\/\",\"name\":\"El aumento de la demanda de productos de limpieza industrial - Ambisist\",\"isPartOf\":{\"@id\":\"https:\\\/\\\/www.ambisist.cat\\\/#website\"},\"primaryImageOfPage\":{\"@id\":\"https:\\\/\\\/www.ambisist.cat\\\/es\\\/laugment-de-la-demanda-de-productes-de-neteja-industrial\\\/#primaryimage\"},\"image\":{\"@id\":\"https:\\\/\\\/www.ambisist.cat\\\/es\\\/laugment-de-la-demanda-de-productes-de-neteja-industrial\\\/#primaryimage\"},\"thumbnailUrl\":\"https:\\\/\\\/www.ambisist.cat\\\/wp-content\\\/uploads\\\/2018\\\/08\\\/2018-08-10.jpg\",\"datePublished\":\"2018-08-10T07:30:26+00:00\",\"dateModified\":\"2019-11-19T13:34:42+00:00\",\"author\":{\"@id\":\"https:\\\/\\\/www.ambisist.cat\\\/#\\\/schema\\\/person\\\/55048fc1b769dbd56c1dcfc41f06d22a\"},\"description\":\"Si s\u2019analitzen les dades de l\u2019\u00faltim informe d\u2019Higiene i Salut (2018-2019) s\u2019ent\u00e9n f\u00e0cilment l\u2019increment dels productes de neteja industrial.\",\"breadcrumb\":{\"@id\":\"https:\\\/\\\/www.ambisist.cat\\\/es\\\/laugment-de-la-demanda-de-productes-de-neteja-industrial\\\/#breadcrumb\"},\"inLanguage\":\"es\",\"potentialAction\":[{\"@type\":\"ReadAction\",\"target\":[\"https:\\\/\\\/www.ambisist.cat\\\/es\\\/laugment-de-la-demanda-de-productes-de-neteja-industrial\\\/\"]}]},{\"@type\":\"ImageObject\",\"inLanguage\":\"es\",\"@id\":\"https:\\\/\\\/www.ambisist.cat\\\/es\\\/laugment-de-la-demanda-de-productes-de-neteja-industrial\\\/#primaryimage\",\"url\":\"https:\\\/\\\/www.ambisist.cat\\\/wp-content\\\/uploads\\\/2018\\\/08\\\/2018-08-10.jpg\",\"contentUrl\":\"https:\\\/\\\/www.ambisist.cat\\\/wp-content\\\/uploads\\\/2018\\\/08\\\/2018-08-10.jpg\",\"width\":1280,\"height\":855},{\"@type\":\"BreadcrumbList\",\"@id\":\"https:\\\/\\\/www.ambisist.cat\\\/es\\\/laugment-de-la-demanda-de-productes-de-neteja-industrial\\\/#breadcrumb\",\"itemListElement\":[{\"@type\":\"ListItem\",\"position\":1,\"name\":\"Portada\",\"item\":\"https:\\\/\\\/www.ambisist.cat\\\/es\\\/\"},{\"@type\":\"ListItem\",\"position\":2,\"name\":\"El aumento de la demanda de productos de limpieza industrial\"}]},{\"@type\":\"WebSite\",\"@id\":\"https:\\\/\\\/www.ambisist.cat\\\/#website\",\"url\":\"https:\\\/\\\/www.ambisist.cat\\\/\",\"name\":\"Ambisist\",\"description\":\"Productes i maquin\u00e0ria de netaja\",\"potentialAction\":[{\"@type\":\"SearchAction\",\"target\":{\"@type\":\"EntryPoint\",\"urlTemplate\":\"https:\\\/\\\/www.ambisist.cat\\\/?s={search_term_string}\"},\"query-input\":{\"@type\":\"PropertyValueSpecification\",\"valueRequired\":true,\"valueName\":\"search_term_string\"}}],\"inLanguage\":\"es\"},{\"@type\":\"Person\",\"@id\":\"https:\\\/\\\/www.ambisist.cat\\\/#\\\/schema\\\/person\\\/55048fc1b769dbd56c1dcfc41f06d22a\",\"name\":\"umbrella\",\"image\":{\"@type\":\"ImageObject\",\"inLanguage\":\"es\",\"@id\":\"https:\\\/\\\/secure.gravatar.com\\\/avatar\\\/6ae53eaa83ae7ae712ac1af7e4bb61e0ea03a83ba77abde0e652935b14435f17?s=96&d=mm&r=g\",\"url\":\"https:\\\/\\\/secure.gravatar.com\\\/avatar\\\/6ae53eaa83ae7ae712ac1af7e4bb61e0ea03a83ba77abde0e652935b14435f17?s=96&d=mm&r=g\",\"contentUrl\":\"https:\\\/\\\/secure.gravatar.com\\\/avatar\\\/6ae53eaa83ae7ae712ac1af7e4bb61e0ea03a83ba77abde0e652935b14435f17?s=96&d=mm&r=g\",\"caption\":\"umbrella\"},\"url\":\"https:\\\/\\\/www.ambisist.cat\\\/es\\\/author\\\/umbrella\\\/\"}]}<\/script>\n<!-- \/ Yoast SEO plugin. -->","yoast_head_json":{"title":"El aumento de la demanda de productos de limpieza industrial - Ambisist","description":"Si s\u2019analitzen les dades de l\u2019\u00faltim informe d\u2019Higiene i Salut (2018-2019) s\u2019ent\u00e9n f\u00e0cilment l\u2019increment dels productes de neteja industrial.","robots":{"index":"index","follow":"follow","max-snippet":"max-snippet:-1","max-image-preview":"max-image-preview:large","max-video-preview":"max-video-preview:-1"},"canonical":"https:\/\/www.ambisist.cat\/es\/laugment-de-la-demanda-de-productes-de-neteja-industrial\/","og_locale":"es_ES","og_type":"article","og_title":"El aumento de la demanda de productos de limpieza industrial - Ambisist","og_description":"Si s\u2019analitzen les dades de l\u2019\u00faltim informe d\u2019Higiene i Salut (2018-2019) s\u2019ent\u00e9n f\u00e0cilment l\u2019increment dels productes de neteja industrial.","og_url":"https:\/\/www.ambisist.cat\/es\/laugment-de-la-demanda-de-productes-de-neteja-industrial\/","og_site_name":"Ambisist","article_published_time":"2018-08-10T07:30:26+00:00","article_modified_time":"2019-11-19T13:34:42+00:00","og_image":[{"width":1280,"height":855,"url":"https:\/\/www.ambisist.cat\/wp-content\/uploads\/2018\/08\/2018-08-10.jpg","type":"image\/jpeg"}],"author":"umbrella","twitter_card":"summary_large_image","twitter_misc":{"Escrito por":"umbrella","Tiempo de lectura":"1 minuto"},"schema":{"@context":"https:\/\/schema.org","@graph":[{"@type":"Article","@id":"https:\/\/www.ambisist.cat\/es\/laugment-de-la-demanda-de-productes-de-neteja-industrial\/#article","isPartOf":{"@id":"https:\/\/www.ambisist.cat\/es\/laugment-de-la-demanda-de-productes-de-neteja-industrial\/"},"author":{"name":"umbrella","@id":"https:\/\/www.ambisist.cat\/#\/schema\/person\/55048fc1b769dbd56c1dcfc41f06d22a"},"headline":"El aumento de la demanda de productos de limpieza industrial","datePublished":"2018-08-10T07:30:26+00:00","dateModified":"2019-11-19T13:34:42+00:00","mainEntityOfPage":{"@id":"https:\/\/www.ambisist.cat\/es\/laugment-de-la-demanda-de-productes-de-neteja-industrial\/"},"wordCount":198,"commentCount":0,"image":{"@id":"https:\/\/www.ambisist.cat\/es\/laugment-de-la-demanda-de-productes-de-neteja-industrial\/#primaryimage"},"thumbnailUrl":"https:\/\/www.ambisist.cat\/wp-content\/uploads\/2018\/08\/2018-08-10.jpg","articleSection":["General"],"inLanguage":"es","potentialAction":[{"@type":"CommentAction","name":"Comment","target":["https:\/\/www.ambisist.cat\/es\/laugment-de-la-demanda-de-productes-de-neteja-industrial\/#respond"]}]},{"@type":"WebPage","@id":"https:\/\/www.ambisist.cat\/es\/laugment-de-la-demanda-de-productes-de-neteja-industrial\/","url":"https:\/\/www.ambisist.cat\/es\/laugment-de-la-demanda-de-productes-de-neteja-industrial\/","name":"El aumento de la demanda de productos de limpieza industrial - Ambisist","isPartOf":{"@id":"https:\/\/www.ambisist.cat\/#website"},"primaryImageOfPage":{"@id":"https:\/\/www.ambisist.cat\/es\/laugment-de-la-demanda-de-productes-de-neteja-industrial\/#primaryimage"},"image":{"@id":"https:\/\/www.ambisist.cat\/es\/laugment-de-la-demanda-de-productes-de-neteja-industrial\/#primaryimage"},"thumbnailUrl":"https:\/\/www.ambisist.cat\/wp-content\/uploads\/2018\/08\/2018-08-10.jpg","datePublished":"2018-08-10T07:30:26+00:00","dateModified":"2019-11-19T13:34:42+00:00","author":{"@id":"https:\/\/www.ambisist.cat\/#\/schema\/person\/55048fc1b769dbd56c1dcfc41f06d22a"},"description":"Si s\u2019analitzen les dades de l\u2019\u00faltim informe d\u2019Higiene i Salut (2018-2019) s\u2019ent\u00e9n f\u00e0cilment l\u2019increment dels productes de neteja industrial.","breadcrumb":{"@id":"https:\/\/www.ambisist.cat\/es\/laugment-de-la-demanda-de-productes-de-neteja-industrial\/#breadcrumb"},"inLanguage":"es","potentialAction":[{"@type":"ReadAction","target":["https:\/\/www.ambisist.cat\/es\/laugment-de-la-demanda-de-productes-de-neteja-industrial\/"]}]},{"@type":"ImageObject","inLanguage":"es","@id":"https:\/\/www.ambisist.cat\/es\/laugment-de-la-demanda-de-productes-de-neteja-industrial\/#primaryimage","url":"https:\/\/www.ambisist.cat\/wp-content\/uploads\/2018\/08\/2018-08-10.jpg","contentUrl":"https:\/\/www.ambisist.cat\/wp-content\/uploads\/2018\/08\/2018-08-10.jpg","width":1280,"height":855},{"@type":"BreadcrumbList","@id":"https:\/\/www.ambisist.cat\/es\/laugment-de-la-demanda-de-productes-de-neteja-industrial\/#breadcrumb","itemListElement":[{"@type":"ListItem","position":1,"name":"Portada","item":"https:\/\/www.ambisist.cat\/es\/"},{"@type":"ListItem","position":2,"name":"El aumento de la demanda de productos de limpieza industrial"}]},{"@type":"WebSite","@id":"https:\/\/www.ambisist.cat\/#website","url":"https:\/\/www.ambisist.cat\/","name":"Ambisist","description":"Productes i maquin\u00e0ria de netaja","potentialAction":[{"@type":"SearchAction","target":{"@type":"EntryPoint","urlTemplate":"https:\/\/www.ambisist.cat\/?s={search_term_string}"},"query-input":{"@type":"PropertyValueSpecification","valueRequired":true,"valueName":"search_term_string"}}],"inLanguage":"es"},{"@type":"Person","@id":"https:\/\/www.ambisist.cat\/#\/schema\/person\/55048fc1b769dbd56c1dcfc41f06d22a","name":"umbrella","image":{"@type":"ImageObject","inLanguage":"es","@id":"https:\/\/secure.gravatar.com\/avatar\/6ae53eaa83ae7ae712ac1af7e4bb61e0ea03a83ba77abde0e652935b14435f17?s=96&d=mm&r=g","url":"https:\/\/secure.gravatar.com\/avatar\/6ae53eaa83ae7ae712ac1af7e4bb61e0ea03a83ba77abde0e652935b14435f17?s=96&d=mm&r=g","contentUrl":"https:\/\/secure.gravatar.com\/avatar\/6ae53eaa83ae7ae712ac1af7e4bb61e0ea03a83ba77abde0e652935b14435f17?s=96&d=mm&r=g","caption":"umbrella"},"url":"https:\/\/www.ambisist.cat\/es\/author\/umbrella\/"}]}},"_links":{"self":[{"href":"https:\/\/www.ambisist.cat\/es\/wp-json\/wp\/v2\/posts\/2766","targetHints":{"allow":["GET"]}}],"collection":[{"href":"https:\/\/www.ambisist.cat\/es\/wp-json\/wp\/v2\/posts"}],"about":[{"href":"https:\/\/www.ambisist.cat\/es\/wp-json\/wp\/v2\/types\/post"}],"author":[{"embeddable":true,"href":"https:\/\/www.ambisist.cat\/es\/wp-json\/wp\/v2\/users\/1"}],"replies":[{"embeddable":true,"href":"https:\/\/www.ambisist.cat\/es\/wp-json\/wp\/v2\/comments?post=2766"}],"version-history":[{"count":4,"href":"https:\/\/www.ambisist.cat\/es\/wp-json\/wp\/v2\/posts\/2766\/revisions"}],"predecessor-version":[{"id":3638,"href":"https:\/\/www.ambisist.cat\/es\/wp-json\/wp\/v2\/posts\/2766\/revisions\/3638"}],"wp:featuredmedia":[{"embeddable":true,"href":"https:\/\/www.ambisist.cat\/es\/wp-json\/wp\/v2\/media\/2764"}],"wp:attachment":[{"href":"https:\/\/www.ambisist.cat\/es\/wp-json\/wp\/v2\/media?parent=2766"}],"wp:term":[{"taxonomy":"category","embeddable":true,"href":"https:\/\/www.ambisist.cat\/es\/wp-json\/wp\/v2\/categories?post=2766"},{"taxonomy":"post_tag","embeddable":true,"href":"https:\/\/www.ambisist.cat\/es\/wp-json\/wp\/v2\/tags?post=2766"}],"curies":[{"name":"wp","href":"https:\/\/api.w.org\/{rel}","templated":true}]}}