{"id":2034,"date":"2017-01-13T15:52:48","date_gmt":"2017-01-13T13:52:48","guid":{"rendered":"http:\/\/www.ambisist.cat\/pimec-girona-homenatja-socis-mes-antiguitat\/"},"modified":"2017-01-13T15:58:04","modified_gmt":"2017-01-13T13:58:04","slug":"pimec-girona-homenatja-socis-mes-antiguitat","status":"publish","type":"post","link":"https:\/\/www.ambisist.cat\/es\/pimec-girona-homenatja-socis-mes-antiguitat\/","title":{"rendered":"PIMEC Girona homenajea los socios con m\u00e1s antig\u00fcedad"},"content":{"rendered":"<p>&nbsp;<\/p>\n<p><em>El evento es una iniciativa de PIMEC Girona para poner en valor el asociacionismo y facilitar el conocimiento y comunicaci\u00f3n entre los propios empresarios de la demarcaci\u00f3n<\/em><\/p>\n<p><strong>PIMEC Girona<\/strong> ha celebrado un <strong>acto de reconocimiento<\/strong> para rendir homenaje a las <strong>empresas<\/strong> del territorio que hace m\u00e1s a\u00f1os que est\u00e1n asociadas a la patronal. Esta es una iniciativa m\u00e1s de las que desarrolla PIMEC Girona para poner en valor el asociacionismo y facilitar el conocimiento y comunicaci\u00f3n entre los propios empresarios.<\/p>\n<p>En esta ocasi\u00f3n, se reunieron a <strong>once empresas y entidades emblem\u00e1ticas de la demarcaci\u00f3n de Girona<\/strong>, que representan una muestra muy variada en cuanto a sectores de actividad. El presidente de PIMEC Girona, Pere Cornell\u00e0, propietario de la empresa Caf\u00e9s Cornell\u00e0, ha dado las gracias personalmente a los empresarios y empresarias homenajeados por su fidelidad, confianza y apoyo durante todos estos a\u00f1os.<\/p>\n<p>Las empresas que han participado en este encuentro han sido Bur\u00e9s Profesional; Bicicletas Esteve; Transports Porqueres; Associaci\u00f3 Gironina d\u2019Empres\u00e0ries; TMComas; Ambisist Productes de Neteja; Girona Centre Eix Comercial; Industrias Cer\u00e1micas Branc\u00f3s; Fibran; Carrocer\u00edas Ayats, y F\u00e9lix Ribera e Hijos.<\/p>\n<p>Durante el encuentro se han comentado y analizado algunos aspectos de la <strong>actualidad empresarial y econ\u00f3mica del territorio<\/strong> y se han recogido los temas que preocupan las empresas del territorio con el objetivo que PIMEC ejerza su funci\u00f3n de lobby empresarial. Las empresas homenajeadas han recibido un diploma y un lote con productos Ben Fet!, proyecto impulsado por la patronal que promueve la <strong>excelencia de los productos y servicios catalanes<\/strong> y, por lo tanto, su consumo tanto en el \u00e1mbito nacional como internacional.<\/p>\n<p>&nbsp;<\/p>\n","protected":false},"excerpt":{"rendered":"<p>&nbsp; El evento es una iniciativa de PIMEC Girona para poner en valor el asociacionismo y facilitar el conocimiento y comunicaci\u00f3n entre los propios empresarios de la demarcaci\u00f3n PIMEC Girona ha celebrado un acto de [&hellip;]<\/p>\n","protected":false},"author":1,"featured_media":2032,"comment_status":"open","ping_status":"open","sticky":false,"template":"","format":"standard","meta":{"footnotes":""},"categories":[47,46],"tags":[],"class_list":["post-2034","post","type-post","status-publish","format-standard","has-post-thumbnail","hentry","category-general-es","category-noticias"],"yoast_head":"<!-- This site is optimized with the Yoast SEO plugin v27.3 - https:\/\/yoast.com\/product\/yoast-seo-wordpress\/ -->\n<title>PIMEC Girona homenajea los socios con m\u00e1s antig\u00fcedad - Ambisist<\/title>\n<meta name=\"robots\" content=\"index, follow, max-snippet:-1, max-image-preview:large, max-video-preview:-1\" \/>\n<link rel=\"canonical\" href=\"https:\/\/www.ambisist.cat\/es\/pimec-girona-homenatja-socis-mes-antiguitat\/\" \/>\n<meta property=\"og:locale\" content=\"es_ES\" \/>\n<meta property=\"og:type\" content=\"article\" \/>\n<meta property=\"og:title\" content=\"PIMEC Girona homenajea los socios con m\u00e1s antig\u00fcedad - Ambisist\" \/>\n<meta property=\"og:description\" content=\"&nbsp; El evento es una iniciativa de PIMEC Girona para poner en valor el asociacionismo y facilitar el conocimiento y comunicaci\u00f3n entre los propios empresarios de la demarcaci\u00f3n PIMEC Girona ha celebrado un acto de [&hellip;]\" \/>\n<meta property=\"og:url\" content=\"https:\/\/www.ambisist.cat\/es\/pimec-girona-homenatja-socis-mes-antiguitat\/\" \/>\n<meta property=\"og:site_name\" content=\"Ambisist\" \/>\n<meta property=\"article:published_time\" content=\"2017-01-13T13:52:48+00:00\" \/>\n<meta property=\"article:modified_time\" content=\"2017-01-13T13:58:04+00:00\" \/>\n<meta property=\"og:image\" content=\"https:\/\/www.ambisist.cat\/wp-content\/uploads\/2017\/01\/2017_01_13.jpg\" \/>\n\t<meta property=\"og:image:width\" content=\"1200\" \/>\n\t<meta property=\"og:image:height\" content=\"900\" \/>\n\t<meta property=\"og:image:type\" content=\"image\/jpeg\" \/>\n<meta name=\"author\" content=\"umbrella\" \/>\n<meta name=\"twitter:card\" content=\"summary_large_image\" \/>\n<meta name=\"twitter:label1\" content=\"Escrito por\" \/>\n\t<meta name=\"twitter:data1\" content=\"umbrella\" \/>\n\t<meta name=\"twitter:label2\" content=\"Tiempo de lectura\" \/>\n\t<meta name=\"twitter:data2\" content=\"1 minuto\" \/>\n<script type=\"application\/ld+json\" class=\"yoast-schema-graph\">{\"@context\":\"https:\\\/\\\/schema.org\",\"@graph\":[{\"@type\":\"Article\",\"@id\":\"https:\\\/\\\/www.ambisist.cat\\\/es\\\/pimec-girona-homenatja-socis-mes-antiguitat\\\/#article\",\"isPartOf\":{\"@id\":\"https:\\\/\\\/www.ambisist.cat\\\/es\\\/pimec-girona-homenatja-socis-mes-antiguitat\\\/\"},\"author\":{\"name\":\"umbrella\",\"@id\":\"https:\\\/\\\/www.ambisist.cat\\\/#\\\/schema\\\/person\\\/55048fc1b769dbd56c1dcfc41f06d22a\"},\"headline\":\"PIMEC Girona homenajea los socios con m\u00e1s antig\u00fcedad\",\"datePublished\":\"2017-01-13T13:52:48+00:00\",\"dateModified\":\"2017-01-13T13:58:04+00:00\",\"mainEntityOfPage\":{\"@id\":\"https:\\\/\\\/www.ambisist.cat\\\/es\\\/pimec-girona-homenatja-socis-mes-antiguitat\\\/\"},\"wordCount\":297,\"commentCount\":0,\"image\":{\"@id\":\"https:\\\/\\\/www.ambisist.cat\\\/es\\\/pimec-girona-homenatja-socis-mes-antiguitat\\\/#primaryimage\"},\"thumbnailUrl\":\"https:\\\/\\\/www.ambisist.cat\\\/wp-content\\\/uploads\\\/2017\\\/01\\\/2017_01_13.jpg\",\"articleSection\":[\"General\",\"Noticias\"],\"inLanguage\":\"es\",\"potentialAction\":[{\"@type\":\"CommentAction\",\"name\":\"Comment\",\"target\":[\"https:\\\/\\\/www.ambisist.cat\\\/es\\\/pimec-girona-homenatja-socis-mes-antiguitat\\\/#respond\"]}]},{\"@type\":\"WebPage\",\"@id\":\"https:\\\/\\\/www.ambisist.cat\\\/es\\\/pimec-girona-homenatja-socis-mes-antiguitat\\\/\",\"url\":\"https:\\\/\\\/www.ambisist.cat\\\/es\\\/pimec-girona-homenatja-socis-mes-antiguitat\\\/\",\"name\":\"PIMEC Girona homenajea los socios con m\u00e1s antig\u00fcedad - Ambisist\",\"isPartOf\":{\"@id\":\"https:\\\/\\\/www.ambisist.cat\\\/#website\"},\"primaryImageOfPage\":{\"@id\":\"https:\\\/\\\/www.ambisist.cat\\\/es\\\/pimec-girona-homenatja-socis-mes-antiguitat\\\/#primaryimage\"},\"image\":{\"@id\":\"https:\\\/\\\/www.ambisist.cat\\\/es\\\/pimec-girona-homenatja-socis-mes-antiguitat\\\/#primaryimage\"},\"thumbnailUrl\":\"https:\\\/\\\/www.ambisist.cat\\\/wp-content\\\/uploads\\\/2017\\\/01\\\/2017_01_13.jpg\",\"datePublished\":\"2017-01-13T13:52:48+00:00\",\"dateModified\":\"2017-01-13T13:58:04+00:00\",\"author\":{\"@id\":\"https:\\\/\\\/www.ambisist.cat\\\/#\\\/schema\\\/person\\\/55048fc1b769dbd56c1dcfc41f06d22a\"},\"breadcrumb\":{\"@id\":\"https:\\\/\\\/www.ambisist.cat\\\/es\\\/pimec-girona-homenatja-socis-mes-antiguitat\\\/#breadcrumb\"},\"inLanguage\":\"es\",\"potentialAction\":[{\"@type\":\"ReadAction\",\"target\":[\"https:\\\/\\\/www.ambisist.cat\\\/es\\\/pimec-girona-homenatja-socis-mes-antiguitat\\\/\"]}]},{\"@type\":\"ImageObject\",\"inLanguage\":\"es\",\"@id\":\"https:\\\/\\\/www.ambisist.cat\\\/es\\\/pimec-girona-homenatja-socis-mes-antiguitat\\\/#primaryimage\",\"url\":\"https:\\\/\\\/www.ambisist.cat\\\/wp-content\\\/uploads\\\/2017\\\/01\\\/2017_01_13.jpg\",\"contentUrl\":\"https:\\\/\\\/www.ambisist.cat\\\/wp-content\\\/uploads\\\/2017\\\/01\\\/2017_01_13.jpg\",\"width\":1200,\"height\":900},{\"@type\":\"BreadcrumbList\",\"@id\":\"https:\\\/\\\/www.ambisist.cat\\\/es\\\/pimec-girona-homenatja-socis-mes-antiguitat\\\/#breadcrumb\",\"itemListElement\":[{\"@type\":\"ListItem\",\"position\":1,\"name\":\"Portada\",\"item\":\"https:\\\/\\\/www.ambisist.cat\\\/es\\\/\"},{\"@type\":\"ListItem\",\"position\":2,\"name\":\"PIMEC Girona homenajea los socios con m\u00e1s antig\u00fcedad\"}]},{\"@type\":\"WebSite\",\"@id\":\"https:\\\/\\\/www.ambisist.cat\\\/#website\",\"url\":\"https:\\\/\\\/www.ambisist.cat\\\/\",\"name\":\"Ambisist\",\"description\":\"Productes i maquin\u00e0ria de netaja\",\"potentialAction\":[{\"@type\":\"SearchAction\",\"target\":{\"@type\":\"EntryPoint\",\"urlTemplate\":\"https:\\\/\\\/www.ambisist.cat\\\/?s={search_term_string}\"},\"query-input\":{\"@type\":\"PropertyValueSpecification\",\"valueRequired\":true,\"valueName\":\"search_term_string\"}}],\"inLanguage\":\"es\"},{\"@type\":\"Person\",\"@id\":\"https:\\\/\\\/www.ambisist.cat\\\/#\\\/schema\\\/person\\\/55048fc1b769dbd56c1dcfc41f06d22a\",\"name\":\"umbrella\",\"image\":{\"@type\":\"ImageObject\",\"inLanguage\":\"es\",\"@id\":\"https:\\\/\\\/secure.gravatar.com\\\/avatar\\\/6ae53eaa83ae7ae712ac1af7e4bb61e0ea03a83ba77abde0e652935b14435f17?s=96&d=mm&r=g\",\"url\":\"https:\\\/\\\/secure.gravatar.com\\\/avatar\\\/6ae53eaa83ae7ae712ac1af7e4bb61e0ea03a83ba77abde0e652935b14435f17?s=96&d=mm&r=g\",\"contentUrl\":\"https:\\\/\\\/secure.gravatar.com\\\/avatar\\\/6ae53eaa83ae7ae712ac1af7e4bb61e0ea03a83ba77abde0e652935b14435f17?s=96&d=mm&r=g\",\"caption\":\"umbrella\"},\"url\":\"https:\\\/\\\/www.ambisist.cat\\\/es\\\/author\\\/umbrella\\\/\"}]}<\/script>\n<!-- \/ Yoast SEO plugin. -->","yoast_head_json":{"title":"PIMEC Girona homenajea los socios con m\u00e1s antig\u00fcedad - Ambisist","robots":{"index":"index","follow":"follow","max-snippet":"max-snippet:-1","max-image-preview":"max-image-preview:large","max-video-preview":"max-video-preview:-1"},"canonical":"https:\/\/www.ambisist.cat\/es\/pimec-girona-homenatja-socis-mes-antiguitat\/","og_locale":"es_ES","og_type":"article","og_title":"PIMEC Girona homenajea los socios con m\u00e1s antig\u00fcedad - Ambisist","og_description":"&nbsp; El evento es una iniciativa de PIMEC Girona para poner en valor el asociacionismo y facilitar el conocimiento y comunicaci\u00f3n entre los propios empresarios de la demarcaci\u00f3n PIMEC Girona ha celebrado un acto de [&hellip;]","og_url":"https:\/\/www.ambisist.cat\/es\/pimec-girona-homenatja-socis-mes-antiguitat\/","og_site_name":"Ambisist","article_published_time":"2017-01-13T13:52:48+00:00","article_modified_time":"2017-01-13T13:58:04+00:00","og_image":[{"width":1200,"height":900,"url":"https:\/\/www.ambisist.cat\/wp-content\/uploads\/2017\/01\/2017_01_13.jpg","type":"image\/jpeg"}],"author":"umbrella","twitter_card":"summary_large_image","twitter_misc":{"Escrito por":"umbrella","Tiempo de lectura":"1 minuto"},"schema":{"@context":"https:\/\/schema.org","@graph":[{"@type":"Article","@id":"https:\/\/www.ambisist.cat\/es\/pimec-girona-homenatja-socis-mes-antiguitat\/#article","isPartOf":{"@id":"https:\/\/www.ambisist.cat\/es\/pimec-girona-homenatja-socis-mes-antiguitat\/"},"author":{"name":"umbrella","@id":"https:\/\/www.ambisist.cat\/#\/schema\/person\/55048fc1b769dbd56c1dcfc41f06d22a"},"headline":"PIMEC Girona homenajea los socios con m\u00e1s antig\u00fcedad","datePublished":"2017-01-13T13:52:48+00:00","dateModified":"2017-01-13T13:58:04+00:00","mainEntityOfPage":{"@id":"https:\/\/www.ambisist.cat\/es\/pimec-girona-homenatja-socis-mes-antiguitat\/"},"wordCount":297,"commentCount":0,"image":{"@id":"https:\/\/www.ambisist.cat\/es\/pimec-girona-homenatja-socis-mes-antiguitat\/#primaryimage"},"thumbnailUrl":"https:\/\/www.ambisist.cat\/wp-content\/uploads\/2017\/01\/2017_01_13.jpg","articleSection":["General","Noticias"],"inLanguage":"es","potentialAction":[{"@type":"CommentAction","name":"Comment","target":["https:\/\/www.ambisist.cat\/es\/pimec-girona-homenatja-socis-mes-antiguitat\/#respond"]}]},{"@type":"WebPage","@id":"https:\/\/www.ambisist.cat\/es\/pimec-girona-homenatja-socis-mes-antiguitat\/","url":"https:\/\/www.ambisist.cat\/es\/pimec-girona-homenatja-socis-mes-antiguitat\/","name":"PIMEC Girona homenajea los socios con m\u00e1s antig\u00fcedad - Ambisist","isPartOf":{"@id":"https:\/\/www.ambisist.cat\/#website"},"primaryImageOfPage":{"@id":"https:\/\/www.ambisist.cat\/es\/pimec-girona-homenatja-socis-mes-antiguitat\/#primaryimage"},"image":{"@id":"https:\/\/www.ambisist.cat\/es\/pimec-girona-homenatja-socis-mes-antiguitat\/#primaryimage"},"thumbnailUrl":"https:\/\/www.ambisist.cat\/wp-content\/uploads\/2017\/01\/2017_01_13.jpg","datePublished":"2017-01-13T13:52:48+00:00","dateModified":"2017-01-13T13:58:04+00:00","author":{"@id":"https:\/\/www.ambisist.cat\/#\/schema\/person\/55048fc1b769dbd56c1dcfc41f06d22a"},"breadcrumb":{"@id":"https:\/\/www.ambisist.cat\/es\/pimec-girona-homenatja-socis-mes-antiguitat\/#breadcrumb"},"inLanguage":"es","potentialAction":[{"@type":"ReadAction","target":["https:\/\/www.ambisist.cat\/es\/pimec-girona-homenatja-socis-mes-antiguitat\/"]}]},{"@type":"ImageObject","inLanguage":"es","@id":"https:\/\/www.ambisist.cat\/es\/pimec-girona-homenatja-socis-mes-antiguitat\/#primaryimage","url":"https:\/\/www.ambisist.cat\/wp-content\/uploads\/2017\/01\/2017_01_13.jpg","contentUrl":"https:\/\/www.ambisist.cat\/wp-content\/uploads\/2017\/01\/2017_01_13.jpg","width":1200,"height":900},{"@type":"BreadcrumbList","@id":"https:\/\/www.ambisist.cat\/es\/pimec-girona-homenatja-socis-mes-antiguitat\/#breadcrumb","itemListElement":[{"@type":"ListItem","position":1,"name":"Portada","item":"https:\/\/www.ambisist.cat\/es\/"},{"@type":"ListItem","position":2,"name":"PIMEC Girona homenajea los socios con m\u00e1s antig\u00fcedad"}]},{"@type":"WebSite","@id":"https:\/\/www.ambisist.cat\/#website","url":"https:\/\/www.ambisist.cat\/","name":"Ambisist","description":"Productes i maquin\u00e0ria de netaja","potentialAction":[{"@type":"SearchAction","target":{"@type":"EntryPoint","urlTemplate":"https:\/\/www.ambisist.cat\/?s={search_term_string}"},"query-input":{"@type":"PropertyValueSpecification","valueRequired":true,"valueName":"search_term_string"}}],"inLanguage":"es"},{"@type":"Person","@id":"https:\/\/www.ambisist.cat\/#\/schema\/person\/55048fc1b769dbd56c1dcfc41f06d22a","name":"umbrella","image":{"@type":"ImageObject","inLanguage":"es","@id":"https:\/\/secure.gravatar.com\/avatar\/6ae53eaa83ae7ae712ac1af7e4bb61e0ea03a83ba77abde0e652935b14435f17?s=96&d=mm&r=g","url":"https:\/\/secure.gravatar.com\/avatar\/6ae53eaa83ae7ae712ac1af7e4bb61e0ea03a83ba77abde0e652935b14435f17?s=96&d=mm&r=g","contentUrl":"https:\/\/secure.gravatar.com\/avatar\/6ae53eaa83ae7ae712ac1af7e4bb61e0ea03a83ba77abde0e652935b14435f17?s=96&d=mm&r=g","caption":"umbrella"},"url":"https:\/\/www.ambisist.cat\/es\/author\/umbrella\/"}]}},"_links":{"self":[{"href":"https:\/\/www.ambisist.cat\/es\/wp-json\/wp\/v2\/posts\/2034","targetHints":{"allow":["GET"]}}],"collection":[{"href":"https:\/\/www.ambisist.cat\/es\/wp-json\/wp\/v2\/posts"}],"about":[{"href":"https:\/\/www.ambisist.cat\/es\/wp-json\/wp\/v2\/types\/post"}],"author":[{"embeddable":true,"href":"https:\/\/www.ambisist.cat\/es\/wp-json\/wp\/v2\/users\/1"}],"replies":[{"embeddable":true,"href":"https:\/\/www.ambisist.cat\/es\/wp-json\/wp\/v2\/comments?post=2034"}],"version-history":[{"count":2,"href":"https:\/\/www.ambisist.cat\/es\/wp-json\/wp\/v2\/posts\/2034\/revisions"}],"predecessor-version":[{"id":2036,"href":"https:\/\/www.ambisist.cat\/es\/wp-json\/wp\/v2\/posts\/2034\/revisions\/2036"}],"wp:featuredmedia":[{"embeddable":true,"href":"https:\/\/www.ambisist.cat\/es\/wp-json\/wp\/v2\/media\/2032"}],"wp:attachment":[{"href":"https:\/\/www.ambisist.cat\/es\/wp-json\/wp\/v2\/media?parent=2034"}],"wp:term":[{"taxonomy":"category","embeddable":true,"href":"https:\/\/www.ambisist.cat\/es\/wp-json\/wp\/v2\/categories?post=2034"},{"taxonomy":"post_tag","embeddable":true,"href":"https:\/\/www.ambisist.cat\/es\/wp-json\/wp\/v2\/tags?post=2034"}],"curies":[{"name":"wp","href":"https:\/\/api.w.org\/{rel}","templated":true}]}}