{"id":1974,"date":"2016-11-09T14:55:07","date_gmt":"2016-11-09T12:55:07","guid":{"rendered":"http:\/\/www.ambisist.cat\/es\/any-mes-patrocinem-latramun\/"},"modified":"2016-11-09T14:56:51","modified_gmt":"2016-11-09T12:56:51","slug":"any-mes-patrocinem-latramun","status":"publish","type":"post","link":"https:\/\/www.ambisist.cat\/es\/any-mes-patrocinem-latramun\/","title":{"rendered":"Un a\u00f1o m\u00e1s, patrocinamos #LaTramun"},"content":{"rendered":"<p><strong>La Tramun UCI MTB Marathon World Series <\/strong>celebr\u00f3 el pasado mes de octubre su 18 edici\u00f3n con gran \u00e9xito. Este a\u00f1o Ambisist, ha vuelto a formar parte siendo <strong>patrocinador oficial.<\/strong><\/p>\n<p>Esta edici\u00f3n ha sido significativa por la organizaci\u00f3n puesto que ha pasado a formar parte del Calendario de la <strong>Uni\u00f3n Ciclista Internacional<\/strong> (UCI), se realizaron conferencias relacionadas con el mundo del ciclismo y actividades para los m\u00e1s peque\u00f1os.<\/p>\n<p>El <strong>r\u00e9cord en participaci\u00f3n<\/strong>, consolida un a\u00f1o m\u00e1s esta m\u00edtica carrera de mountain bike con un recorrido de <em>corriols<\/em> interminables, trialeres y paisajes espectaculares durante todo el trayecto. Desde Hostalets de\u2019n Bas hasta Girona, los participantes realizan un circuito \u00fanico de 68 km.<\/p>\n<p>Los ganadores de esta edici\u00f3n fueron el belga <strong>S\u00e9bastien Carabin<\/strong> y la catalana <strong>Cl\u00e0udia Galicia<\/strong>, desde Ambisist los damos nuestra enhorabuena!<\/p>\n","protected":false},"excerpt":{"rendered":"<p>La Tramun UCI MTB Marathon World Series celebr\u00f3 el pasado mes de octubre su 18 edici\u00f3n con gran \u00e9xito. Este a\u00f1o Ambisist, ha vuelto a formar parte siendo patrocinador oficial. Esta edici\u00f3n ha sido significativa [&hellip;]<\/p>\n","protected":false},"author":1,"featured_media":1972,"comment_status":"open","ping_status":"open","sticky":false,"template":"","format":"standard","meta":{"footnotes":""},"categories":[47,46,49],"tags":[],"class_list":["post-1974","post","type-post","status-publish","format-standard","has-post-thumbnail","hentry","category-general-es","category-noticias","category-noticies-es"],"yoast_head":"<!-- This site is optimized with the Yoast SEO plugin v27.3 - https:\/\/yoast.com\/product\/yoast-seo-wordpress\/ -->\n<title>Un a\u00f1o m\u00e1s, patrocinamos #LaTramun - Ambisist<\/title>\n<meta name=\"robots\" content=\"index, follow, max-snippet:-1, max-image-preview:large, max-video-preview:-1\" \/>\n<link rel=\"canonical\" href=\"https:\/\/www.ambisist.cat\/es\/any-mes-patrocinem-latramun\/\" \/>\n<meta property=\"og:locale\" content=\"es_ES\" \/>\n<meta property=\"og:type\" content=\"article\" \/>\n<meta property=\"og:title\" content=\"Un a\u00f1o m\u00e1s, patrocinamos #LaTramun - Ambisist\" \/>\n<meta property=\"og:description\" content=\"La Tramun UCI MTB Marathon World Series celebr\u00f3 el pasado mes de octubre su 18 edici\u00f3n con gran \u00e9xito. Este a\u00f1o Ambisist, ha vuelto a formar parte siendo patrocinador oficial. Esta edici\u00f3n ha sido significativa [&hellip;]\" \/>\n<meta property=\"og:url\" content=\"https:\/\/www.ambisist.cat\/es\/any-mes-patrocinem-latramun\/\" \/>\n<meta property=\"og:site_name\" content=\"Ambisist\" \/>\n<meta property=\"article:published_time\" content=\"2016-11-09T12:55:07+00:00\" \/>\n<meta property=\"article:modified_time\" content=\"2016-11-09T12:56:51+00:00\" \/>\n<meta property=\"og:image\" content=\"https:\/\/www.ambisist.cat\/wp-content\/uploads\/2016\/11\/2016_11_09_V2.jpg\" \/>\n\t<meta property=\"og:image:width\" content=\"1200\" \/>\n\t<meta property=\"og:image:height\" content=\"900\" \/>\n\t<meta property=\"og:image:type\" content=\"image\/jpeg\" \/>\n<meta name=\"author\" content=\"umbrella\" \/>\n<meta name=\"twitter:card\" content=\"summary_large_image\" \/>\n<meta name=\"twitter:label1\" content=\"Escrito por\" \/>\n\t<meta name=\"twitter:data1\" content=\"umbrella\" \/>\n\t<meta name=\"twitter:label2\" content=\"Tiempo de lectura\" \/>\n\t<meta name=\"twitter:data2\" content=\"1 minuto\" \/>\n<script type=\"application\/ld+json\" class=\"yoast-schema-graph\">{\"@context\":\"https:\\\/\\\/schema.org\",\"@graph\":[{\"@type\":\"Article\",\"@id\":\"https:\\\/\\\/www.ambisist.cat\\\/es\\\/any-mes-patrocinem-latramun\\\/#article\",\"isPartOf\":{\"@id\":\"https:\\\/\\\/www.ambisist.cat\\\/es\\\/any-mes-patrocinem-latramun\\\/\"},\"author\":{\"name\":\"umbrella\",\"@id\":\"https:\\\/\\\/www.ambisist.cat\\\/#\\\/schema\\\/person\\\/55048fc1b769dbd56c1dcfc41f06d22a\"},\"headline\":\"Un a\u00f1o m\u00e1s, patrocinamos #LaTramun\",\"datePublished\":\"2016-11-09T12:55:07+00:00\",\"dateModified\":\"2016-11-09T12:56:51+00:00\",\"mainEntityOfPage\":{\"@id\":\"https:\\\/\\\/www.ambisist.cat\\\/es\\\/any-mes-patrocinem-latramun\\\/\"},\"wordCount\":153,\"commentCount\":0,\"image\":{\"@id\":\"https:\\\/\\\/www.ambisist.cat\\\/es\\\/any-mes-patrocinem-latramun\\\/#primaryimage\"},\"thumbnailUrl\":\"https:\\\/\\\/www.ambisist.cat\\\/wp-content\\\/uploads\\\/2016\\\/11\\\/2016_11_09_V2.jpg\",\"articleSection\":[\"General\",\"Noticias\",\"Not\u00edcies\"],\"inLanguage\":\"es\",\"potentialAction\":[{\"@type\":\"CommentAction\",\"name\":\"Comment\",\"target\":[\"https:\\\/\\\/www.ambisist.cat\\\/es\\\/any-mes-patrocinem-latramun\\\/#respond\"]}]},{\"@type\":\"WebPage\",\"@id\":\"https:\\\/\\\/www.ambisist.cat\\\/es\\\/any-mes-patrocinem-latramun\\\/\",\"url\":\"https:\\\/\\\/www.ambisist.cat\\\/es\\\/any-mes-patrocinem-latramun\\\/\",\"name\":\"Un a\u00f1o m\u00e1s, patrocinamos #LaTramun - Ambisist\",\"isPartOf\":{\"@id\":\"https:\\\/\\\/www.ambisist.cat\\\/#website\"},\"primaryImageOfPage\":{\"@id\":\"https:\\\/\\\/www.ambisist.cat\\\/es\\\/any-mes-patrocinem-latramun\\\/#primaryimage\"},\"image\":{\"@id\":\"https:\\\/\\\/www.ambisist.cat\\\/es\\\/any-mes-patrocinem-latramun\\\/#primaryimage\"},\"thumbnailUrl\":\"https:\\\/\\\/www.ambisist.cat\\\/wp-content\\\/uploads\\\/2016\\\/11\\\/2016_11_09_V2.jpg\",\"datePublished\":\"2016-11-09T12:55:07+00:00\",\"dateModified\":\"2016-11-09T12:56:51+00:00\",\"author\":{\"@id\":\"https:\\\/\\\/www.ambisist.cat\\\/#\\\/schema\\\/person\\\/55048fc1b769dbd56c1dcfc41f06d22a\"},\"breadcrumb\":{\"@id\":\"https:\\\/\\\/www.ambisist.cat\\\/es\\\/any-mes-patrocinem-latramun\\\/#breadcrumb\"},\"inLanguage\":\"es\",\"potentialAction\":[{\"@type\":\"ReadAction\",\"target\":[\"https:\\\/\\\/www.ambisist.cat\\\/es\\\/any-mes-patrocinem-latramun\\\/\"]}]},{\"@type\":\"ImageObject\",\"inLanguage\":\"es\",\"@id\":\"https:\\\/\\\/www.ambisist.cat\\\/es\\\/any-mes-patrocinem-latramun\\\/#primaryimage\",\"url\":\"https:\\\/\\\/www.ambisist.cat\\\/wp-content\\\/uploads\\\/2016\\\/11\\\/2016_11_09_V2.jpg\",\"contentUrl\":\"https:\\\/\\\/www.ambisist.cat\\\/wp-content\\\/uploads\\\/2016\\\/11\\\/2016_11_09_V2.jpg\",\"width\":1200,\"height\":900},{\"@type\":\"BreadcrumbList\",\"@id\":\"https:\\\/\\\/www.ambisist.cat\\\/es\\\/any-mes-patrocinem-latramun\\\/#breadcrumb\",\"itemListElement\":[{\"@type\":\"ListItem\",\"position\":1,\"name\":\"Portada\",\"item\":\"https:\\\/\\\/www.ambisist.cat\\\/es\\\/\"},{\"@type\":\"ListItem\",\"position\":2,\"name\":\"Un a\u00f1o m\u00e1s, patrocinamos #LaTramun\"}]},{\"@type\":\"WebSite\",\"@id\":\"https:\\\/\\\/www.ambisist.cat\\\/#website\",\"url\":\"https:\\\/\\\/www.ambisist.cat\\\/\",\"name\":\"Ambisist\",\"description\":\"Productes i maquin\u00e0ria de netaja\",\"potentialAction\":[{\"@type\":\"SearchAction\",\"target\":{\"@type\":\"EntryPoint\",\"urlTemplate\":\"https:\\\/\\\/www.ambisist.cat\\\/?s={search_term_string}\"},\"query-input\":{\"@type\":\"PropertyValueSpecification\",\"valueRequired\":true,\"valueName\":\"search_term_string\"}}],\"inLanguage\":\"es\"},{\"@type\":\"Person\",\"@id\":\"https:\\\/\\\/www.ambisist.cat\\\/#\\\/schema\\\/person\\\/55048fc1b769dbd56c1dcfc41f06d22a\",\"name\":\"umbrella\",\"image\":{\"@type\":\"ImageObject\",\"inLanguage\":\"es\",\"@id\":\"https:\\\/\\\/secure.gravatar.com\\\/avatar\\\/6ae53eaa83ae7ae712ac1af7e4bb61e0ea03a83ba77abde0e652935b14435f17?s=96&d=mm&r=g\",\"url\":\"https:\\\/\\\/secure.gravatar.com\\\/avatar\\\/6ae53eaa83ae7ae712ac1af7e4bb61e0ea03a83ba77abde0e652935b14435f17?s=96&d=mm&r=g\",\"contentUrl\":\"https:\\\/\\\/secure.gravatar.com\\\/avatar\\\/6ae53eaa83ae7ae712ac1af7e4bb61e0ea03a83ba77abde0e652935b14435f17?s=96&d=mm&r=g\",\"caption\":\"umbrella\"},\"url\":\"https:\\\/\\\/www.ambisist.cat\\\/es\\\/author\\\/umbrella\\\/\"}]}<\/script>\n<!-- \/ Yoast SEO plugin. -->","yoast_head_json":{"title":"Un a\u00f1o m\u00e1s, patrocinamos #LaTramun - Ambisist","robots":{"index":"index","follow":"follow","max-snippet":"max-snippet:-1","max-image-preview":"max-image-preview:large","max-video-preview":"max-video-preview:-1"},"canonical":"https:\/\/www.ambisist.cat\/es\/any-mes-patrocinem-latramun\/","og_locale":"es_ES","og_type":"article","og_title":"Un a\u00f1o m\u00e1s, patrocinamos #LaTramun - Ambisist","og_description":"La Tramun UCI MTB Marathon World Series celebr\u00f3 el pasado mes de octubre su 18 edici\u00f3n con gran \u00e9xito. Este a\u00f1o Ambisist, ha vuelto a formar parte siendo patrocinador oficial. Esta edici\u00f3n ha sido significativa [&hellip;]","og_url":"https:\/\/www.ambisist.cat\/es\/any-mes-patrocinem-latramun\/","og_site_name":"Ambisist","article_published_time":"2016-11-09T12:55:07+00:00","article_modified_time":"2016-11-09T12:56:51+00:00","og_image":[{"width":1200,"height":900,"url":"https:\/\/www.ambisist.cat\/wp-content\/uploads\/2016\/11\/2016_11_09_V2.jpg","type":"image\/jpeg"}],"author":"umbrella","twitter_card":"summary_large_image","twitter_misc":{"Escrito por":"umbrella","Tiempo de lectura":"1 minuto"},"schema":{"@context":"https:\/\/schema.org","@graph":[{"@type":"Article","@id":"https:\/\/www.ambisist.cat\/es\/any-mes-patrocinem-latramun\/#article","isPartOf":{"@id":"https:\/\/www.ambisist.cat\/es\/any-mes-patrocinem-latramun\/"},"author":{"name":"umbrella","@id":"https:\/\/www.ambisist.cat\/#\/schema\/person\/55048fc1b769dbd56c1dcfc41f06d22a"},"headline":"Un a\u00f1o m\u00e1s, patrocinamos #LaTramun","datePublished":"2016-11-09T12:55:07+00:00","dateModified":"2016-11-09T12:56:51+00:00","mainEntityOfPage":{"@id":"https:\/\/www.ambisist.cat\/es\/any-mes-patrocinem-latramun\/"},"wordCount":153,"commentCount":0,"image":{"@id":"https:\/\/www.ambisist.cat\/es\/any-mes-patrocinem-latramun\/#primaryimage"},"thumbnailUrl":"https:\/\/www.ambisist.cat\/wp-content\/uploads\/2016\/11\/2016_11_09_V2.jpg","articleSection":["General","Noticias","Not\u00edcies"],"inLanguage":"es","potentialAction":[{"@type":"CommentAction","name":"Comment","target":["https:\/\/www.ambisist.cat\/es\/any-mes-patrocinem-latramun\/#respond"]}]},{"@type":"WebPage","@id":"https:\/\/www.ambisist.cat\/es\/any-mes-patrocinem-latramun\/","url":"https:\/\/www.ambisist.cat\/es\/any-mes-patrocinem-latramun\/","name":"Un a\u00f1o m\u00e1s, patrocinamos #LaTramun - Ambisist","isPartOf":{"@id":"https:\/\/www.ambisist.cat\/#website"},"primaryImageOfPage":{"@id":"https:\/\/www.ambisist.cat\/es\/any-mes-patrocinem-latramun\/#primaryimage"},"image":{"@id":"https:\/\/www.ambisist.cat\/es\/any-mes-patrocinem-latramun\/#primaryimage"},"thumbnailUrl":"https:\/\/www.ambisist.cat\/wp-content\/uploads\/2016\/11\/2016_11_09_V2.jpg","datePublished":"2016-11-09T12:55:07+00:00","dateModified":"2016-11-09T12:56:51+00:00","author":{"@id":"https:\/\/www.ambisist.cat\/#\/schema\/person\/55048fc1b769dbd56c1dcfc41f06d22a"},"breadcrumb":{"@id":"https:\/\/www.ambisist.cat\/es\/any-mes-patrocinem-latramun\/#breadcrumb"},"inLanguage":"es","potentialAction":[{"@type":"ReadAction","target":["https:\/\/www.ambisist.cat\/es\/any-mes-patrocinem-latramun\/"]}]},{"@type":"ImageObject","inLanguage":"es","@id":"https:\/\/www.ambisist.cat\/es\/any-mes-patrocinem-latramun\/#primaryimage","url":"https:\/\/www.ambisist.cat\/wp-content\/uploads\/2016\/11\/2016_11_09_V2.jpg","contentUrl":"https:\/\/www.ambisist.cat\/wp-content\/uploads\/2016\/11\/2016_11_09_V2.jpg","width":1200,"height":900},{"@type":"BreadcrumbList","@id":"https:\/\/www.ambisist.cat\/es\/any-mes-patrocinem-latramun\/#breadcrumb","itemListElement":[{"@type":"ListItem","position":1,"name":"Portada","item":"https:\/\/www.ambisist.cat\/es\/"},{"@type":"ListItem","position":2,"name":"Un a\u00f1o m\u00e1s, patrocinamos #LaTramun"}]},{"@type":"WebSite","@id":"https:\/\/www.ambisist.cat\/#website","url":"https:\/\/www.ambisist.cat\/","name":"Ambisist","description":"Productes i maquin\u00e0ria de netaja","potentialAction":[{"@type":"SearchAction","target":{"@type":"EntryPoint","urlTemplate":"https:\/\/www.ambisist.cat\/?s={search_term_string}"},"query-input":{"@type":"PropertyValueSpecification","valueRequired":true,"valueName":"search_term_string"}}],"inLanguage":"es"},{"@type":"Person","@id":"https:\/\/www.ambisist.cat\/#\/schema\/person\/55048fc1b769dbd56c1dcfc41f06d22a","name":"umbrella","image":{"@type":"ImageObject","inLanguage":"es","@id":"https:\/\/secure.gravatar.com\/avatar\/6ae53eaa83ae7ae712ac1af7e4bb61e0ea03a83ba77abde0e652935b14435f17?s=96&d=mm&r=g","url":"https:\/\/secure.gravatar.com\/avatar\/6ae53eaa83ae7ae712ac1af7e4bb61e0ea03a83ba77abde0e652935b14435f17?s=96&d=mm&r=g","contentUrl":"https:\/\/secure.gravatar.com\/avatar\/6ae53eaa83ae7ae712ac1af7e4bb61e0ea03a83ba77abde0e652935b14435f17?s=96&d=mm&r=g","caption":"umbrella"},"url":"https:\/\/www.ambisist.cat\/es\/author\/umbrella\/"}]}},"_links":{"self":[{"href":"https:\/\/www.ambisist.cat\/es\/wp-json\/wp\/v2\/posts\/1974","targetHints":{"allow":["GET"]}}],"collection":[{"href":"https:\/\/www.ambisist.cat\/es\/wp-json\/wp\/v2\/posts"}],"about":[{"href":"https:\/\/www.ambisist.cat\/es\/wp-json\/wp\/v2\/types\/post"}],"author":[{"embeddable":true,"href":"https:\/\/www.ambisist.cat\/es\/wp-json\/wp\/v2\/users\/1"}],"replies":[{"embeddable":true,"href":"https:\/\/www.ambisist.cat\/es\/wp-json\/wp\/v2\/comments?post=1974"}],"version-history":[{"count":2,"href":"https:\/\/www.ambisist.cat\/es\/wp-json\/wp\/v2\/posts\/1974\/revisions"}],"predecessor-version":[{"id":1976,"href":"https:\/\/www.ambisist.cat\/es\/wp-json\/wp\/v2\/posts\/1974\/revisions\/1976"}],"wp:featuredmedia":[{"embeddable":true,"href":"https:\/\/www.ambisist.cat\/es\/wp-json\/wp\/v2\/media\/1972"}],"wp:attachment":[{"href":"https:\/\/www.ambisist.cat\/es\/wp-json\/wp\/v2\/media?parent=1974"}],"wp:term":[{"taxonomy":"category","embeddable":true,"href":"https:\/\/www.ambisist.cat\/es\/wp-json\/wp\/v2\/categories?post=1974"},{"taxonomy":"post_tag","embeddable":true,"href":"https:\/\/www.ambisist.cat\/es\/wp-json\/wp\/v2\/tags?post=1974"}],"curies":[{"name":"wp","href":"https:\/\/api.w.org\/{rel}","templated":true}]}}