{"id":1757,"date":"2016-06-30T11:27:22","date_gmt":"2016-06-30T10:27:22","guid":{"rendered":"http:\/\/www.ambisist.cat\/es\/?p=1757"},"modified":"2016-06-30T11:29:04","modified_gmt":"2016-06-30T10:29:04","slug":"issa-interclean-2016","status":"publish","type":"post","link":"https:\/\/www.ambisist.cat\/es\/issa-interclean-2016\/","title":{"rendered":"Issa Interclean 2016"},"content":{"rendered":"<p>El pasado mes de Mayo, visitamos la conocida feria <strong>Issa INTERCLEAN<\/strong> en la ciudad europea de Amsterdam. All\u00ed se ve expuesta la gran mayor\u00eda de innovaciones en el sector de la limpieza y es de gran provecho visitarla para obtener ideas claras sobre nuevos proyectos, sobre todo porque hay profesionales de la industria de m\u00e1s de 130 pa\u00edses diferentes.<\/p>\n<p>La feria consta de m\u00e1s de 800 expositores en unos 50.000 metros cuadrados de superficie de exhibici\u00f3n; aqu\u00ed aparecen las \u00faltimas tendencias y obsequian a 1000 productos originales. Marcas mundialmente conocidas como <strong>Nilfisk<\/strong> o <strong>Vileda<\/strong> tienen su punto de informaci\u00f3n en la feria. Todas las distintas \u00e1reas de la industria est\u00e1n presentes: m\u00e1quinas de limpieza a presi\u00f3n, productos sanitarios y para ba\u00f1os, todo tipo de productos para la industria de la lavander\u00eda y veh\u00edculos dedicados a la limpieza del exterior.<\/p>\n<p>Tambi\u00e9n hay que decir que un 90% de los visitantes, tienen la intenci\u00f3n de visitarla de nuevo.<\/p>\n<p>El pr\u00f3ximo encuentro en la ciudad de \u00c1msterdam ser\u00e1 del 15 al 18 de Mayo del a\u00f1o 2018.<\/p>\n","protected":false},"excerpt":{"rendered":"<p>El pasado mes de Mayo, visitamos la conocida feria Issa INTERCLEAN en la ciudad europea de Amsterdam. All\u00ed se ve expuesta la gran mayor\u00eda de innovaciones en el sector de la limpieza y es de [&hellip;]<\/p>\n","protected":false},"author":1,"featured_media":1758,"comment_status":"open","ping_status":"open","sticky":false,"template":"","format":"standard","meta":{"footnotes":""},"categories":[47,46],"tags":[],"class_list":["post-1757","post","type-post","status-publish","format-standard","has-post-thumbnail","hentry","category-general-es","category-noticias"],"yoast_head":"<!-- This site is optimized with the Yoast SEO plugin v27.3 - https:\/\/yoast.com\/product\/yoast-seo-wordpress\/ -->\n<title>Issa Interclean 2016 - Ambisist<\/title>\n<meta name=\"robots\" content=\"index, follow, max-snippet:-1, max-image-preview:large, max-video-preview:-1\" \/>\n<link rel=\"canonical\" href=\"https:\/\/www.ambisist.cat\/es\/issa-interclean-2016\/\" \/>\n<meta property=\"og:locale\" content=\"es_ES\" \/>\n<meta property=\"og:type\" content=\"article\" \/>\n<meta property=\"og:title\" content=\"Issa Interclean 2016 - Ambisist\" \/>\n<meta property=\"og:description\" content=\"El pasado mes de Mayo, visitamos la conocida feria Issa INTERCLEAN en la ciudad europea de Amsterdam. All\u00ed se ve expuesta la gran mayor\u00eda de innovaciones en el sector de la limpieza y es de [&hellip;]\" \/>\n<meta property=\"og:url\" content=\"https:\/\/www.ambisist.cat\/es\/issa-interclean-2016\/\" \/>\n<meta property=\"og:site_name\" content=\"Ambisist\" \/>\n<meta property=\"article:published_time\" content=\"2016-06-30T10:27:22+00:00\" \/>\n<meta property=\"article:modified_time\" content=\"2016-06-30T10:29:04+00:00\" \/>\n<meta property=\"og:image\" content=\"https:\/\/www.ambisist.cat\/wp-content\/uploads\/2016\/06\/Issa-interclean.jpg\" \/>\n\t<meta property=\"og:image:width\" content=\"900\" \/>\n\t<meta property=\"og:image:height\" content=\"600\" \/>\n\t<meta property=\"og:image:type\" content=\"image\/jpeg\" \/>\n<meta name=\"author\" content=\"umbrella\" \/>\n<meta name=\"twitter:card\" content=\"summary_large_image\" \/>\n<meta name=\"twitter:label1\" content=\"Escrito por\" \/>\n\t<meta name=\"twitter:data1\" content=\"umbrella\" \/>\n\t<meta name=\"twitter:label2\" content=\"Tiempo de lectura\" \/>\n\t<meta name=\"twitter:data2\" content=\"1 minuto\" \/>\n<script type=\"application\/ld+json\" class=\"yoast-schema-graph\">{\"@context\":\"https:\\\/\\\/schema.org\",\"@graph\":[{\"@type\":\"Article\",\"@id\":\"https:\\\/\\\/www.ambisist.cat\\\/es\\\/issa-interclean-2016\\\/#article\",\"isPartOf\":{\"@id\":\"https:\\\/\\\/www.ambisist.cat\\\/es\\\/issa-interclean-2016\\\/\"},\"author\":{\"name\":\"umbrella\",\"@id\":\"https:\\\/\\\/www.ambisist.cat\\\/#\\\/schema\\\/person\\\/55048fc1b769dbd56c1dcfc41f06d22a\"},\"headline\":\"Issa Interclean 2016\",\"datePublished\":\"2016-06-30T10:27:22+00:00\",\"dateModified\":\"2016-06-30T10:29:04+00:00\",\"mainEntityOfPage\":{\"@id\":\"https:\\\/\\\/www.ambisist.cat\\\/es\\\/issa-interclean-2016\\\/\"},\"wordCount\":184,\"commentCount\":0,\"image\":{\"@id\":\"https:\\\/\\\/www.ambisist.cat\\\/es\\\/issa-interclean-2016\\\/#primaryimage\"},\"thumbnailUrl\":\"https:\\\/\\\/www.ambisist.cat\\\/wp-content\\\/uploads\\\/2016\\\/06\\\/Issa-interclean.jpg\",\"articleSection\":[\"General\",\"Noticias\"],\"inLanguage\":\"es\",\"potentialAction\":[{\"@type\":\"CommentAction\",\"name\":\"Comment\",\"target\":[\"https:\\\/\\\/www.ambisist.cat\\\/es\\\/issa-interclean-2016\\\/#respond\"]}]},{\"@type\":\"WebPage\",\"@id\":\"https:\\\/\\\/www.ambisist.cat\\\/es\\\/issa-interclean-2016\\\/\",\"url\":\"https:\\\/\\\/www.ambisist.cat\\\/es\\\/issa-interclean-2016\\\/\",\"name\":\"Issa Interclean 2016 - Ambisist\",\"isPartOf\":{\"@id\":\"https:\\\/\\\/www.ambisist.cat\\\/#website\"},\"primaryImageOfPage\":{\"@id\":\"https:\\\/\\\/www.ambisist.cat\\\/es\\\/issa-interclean-2016\\\/#primaryimage\"},\"image\":{\"@id\":\"https:\\\/\\\/www.ambisist.cat\\\/es\\\/issa-interclean-2016\\\/#primaryimage\"},\"thumbnailUrl\":\"https:\\\/\\\/www.ambisist.cat\\\/wp-content\\\/uploads\\\/2016\\\/06\\\/Issa-interclean.jpg\",\"datePublished\":\"2016-06-30T10:27:22+00:00\",\"dateModified\":\"2016-06-30T10:29:04+00:00\",\"author\":{\"@id\":\"https:\\\/\\\/www.ambisist.cat\\\/#\\\/schema\\\/person\\\/55048fc1b769dbd56c1dcfc41f06d22a\"},\"breadcrumb\":{\"@id\":\"https:\\\/\\\/www.ambisist.cat\\\/es\\\/issa-interclean-2016\\\/#breadcrumb\"},\"inLanguage\":\"es\",\"potentialAction\":[{\"@type\":\"ReadAction\",\"target\":[\"https:\\\/\\\/www.ambisist.cat\\\/es\\\/issa-interclean-2016\\\/\"]}]},{\"@type\":\"ImageObject\",\"inLanguage\":\"es\",\"@id\":\"https:\\\/\\\/www.ambisist.cat\\\/es\\\/issa-interclean-2016\\\/#primaryimage\",\"url\":\"https:\\\/\\\/www.ambisist.cat\\\/wp-content\\\/uploads\\\/2016\\\/06\\\/Issa-interclean.jpg\",\"contentUrl\":\"https:\\\/\\\/www.ambisist.cat\\\/wp-content\\\/uploads\\\/2016\\\/06\\\/Issa-interclean.jpg\",\"width\":900,\"height\":600},{\"@type\":\"BreadcrumbList\",\"@id\":\"https:\\\/\\\/www.ambisist.cat\\\/es\\\/issa-interclean-2016\\\/#breadcrumb\",\"itemListElement\":[{\"@type\":\"ListItem\",\"position\":1,\"name\":\"Portada\",\"item\":\"https:\\\/\\\/www.ambisist.cat\\\/es\\\/\"},{\"@type\":\"ListItem\",\"position\":2,\"name\":\"Issa Interclean 2016\"}]},{\"@type\":\"WebSite\",\"@id\":\"https:\\\/\\\/www.ambisist.cat\\\/#website\",\"url\":\"https:\\\/\\\/www.ambisist.cat\\\/\",\"name\":\"Ambisist\",\"description\":\"Productes i maquin\u00e0ria de netaja\",\"potentialAction\":[{\"@type\":\"SearchAction\",\"target\":{\"@type\":\"EntryPoint\",\"urlTemplate\":\"https:\\\/\\\/www.ambisist.cat\\\/?s={search_term_string}\"},\"query-input\":{\"@type\":\"PropertyValueSpecification\",\"valueRequired\":true,\"valueName\":\"search_term_string\"}}],\"inLanguage\":\"es\"},{\"@type\":\"Person\",\"@id\":\"https:\\\/\\\/www.ambisist.cat\\\/#\\\/schema\\\/person\\\/55048fc1b769dbd56c1dcfc41f06d22a\",\"name\":\"umbrella\",\"image\":{\"@type\":\"ImageObject\",\"inLanguage\":\"es\",\"@id\":\"https:\\\/\\\/secure.gravatar.com\\\/avatar\\\/6ae53eaa83ae7ae712ac1af7e4bb61e0ea03a83ba77abde0e652935b14435f17?s=96&d=mm&r=g\",\"url\":\"https:\\\/\\\/secure.gravatar.com\\\/avatar\\\/6ae53eaa83ae7ae712ac1af7e4bb61e0ea03a83ba77abde0e652935b14435f17?s=96&d=mm&r=g\",\"contentUrl\":\"https:\\\/\\\/secure.gravatar.com\\\/avatar\\\/6ae53eaa83ae7ae712ac1af7e4bb61e0ea03a83ba77abde0e652935b14435f17?s=96&d=mm&r=g\",\"caption\":\"umbrella\"},\"url\":\"https:\\\/\\\/www.ambisist.cat\\\/es\\\/author\\\/umbrella\\\/\"}]}<\/script>\n<!-- \/ Yoast SEO plugin. -->","yoast_head_json":{"title":"Issa Interclean 2016 - Ambisist","robots":{"index":"index","follow":"follow","max-snippet":"max-snippet:-1","max-image-preview":"max-image-preview:large","max-video-preview":"max-video-preview:-1"},"canonical":"https:\/\/www.ambisist.cat\/es\/issa-interclean-2016\/","og_locale":"es_ES","og_type":"article","og_title":"Issa Interclean 2016 - Ambisist","og_description":"El pasado mes de Mayo, visitamos la conocida feria Issa INTERCLEAN en la ciudad europea de Amsterdam. All\u00ed se ve expuesta la gran mayor\u00eda de innovaciones en el sector de la limpieza y es de [&hellip;]","og_url":"https:\/\/www.ambisist.cat\/es\/issa-interclean-2016\/","og_site_name":"Ambisist","article_published_time":"2016-06-30T10:27:22+00:00","article_modified_time":"2016-06-30T10:29:04+00:00","og_image":[{"width":900,"height":600,"url":"https:\/\/www.ambisist.cat\/wp-content\/uploads\/2016\/06\/Issa-interclean.jpg","type":"image\/jpeg"}],"author":"umbrella","twitter_card":"summary_large_image","twitter_misc":{"Escrito por":"umbrella","Tiempo de lectura":"1 minuto"},"schema":{"@context":"https:\/\/schema.org","@graph":[{"@type":"Article","@id":"https:\/\/www.ambisist.cat\/es\/issa-interclean-2016\/#article","isPartOf":{"@id":"https:\/\/www.ambisist.cat\/es\/issa-interclean-2016\/"},"author":{"name":"umbrella","@id":"https:\/\/www.ambisist.cat\/#\/schema\/person\/55048fc1b769dbd56c1dcfc41f06d22a"},"headline":"Issa Interclean 2016","datePublished":"2016-06-30T10:27:22+00:00","dateModified":"2016-06-30T10:29:04+00:00","mainEntityOfPage":{"@id":"https:\/\/www.ambisist.cat\/es\/issa-interclean-2016\/"},"wordCount":184,"commentCount":0,"image":{"@id":"https:\/\/www.ambisist.cat\/es\/issa-interclean-2016\/#primaryimage"},"thumbnailUrl":"https:\/\/www.ambisist.cat\/wp-content\/uploads\/2016\/06\/Issa-interclean.jpg","articleSection":["General","Noticias"],"inLanguage":"es","potentialAction":[{"@type":"CommentAction","name":"Comment","target":["https:\/\/www.ambisist.cat\/es\/issa-interclean-2016\/#respond"]}]},{"@type":"WebPage","@id":"https:\/\/www.ambisist.cat\/es\/issa-interclean-2016\/","url":"https:\/\/www.ambisist.cat\/es\/issa-interclean-2016\/","name":"Issa Interclean 2016 - Ambisist","isPartOf":{"@id":"https:\/\/www.ambisist.cat\/#website"},"primaryImageOfPage":{"@id":"https:\/\/www.ambisist.cat\/es\/issa-interclean-2016\/#primaryimage"},"image":{"@id":"https:\/\/www.ambisist.cat\/es\/issa-interclean-2016\/#primaryimage"},"thumbnailUrl":"https:\/\/www.ambisist.cat\/wp-content\/uploads\/2016\/06\/Issa-interclean.jpg","datePublished":"2016-06-30T10:27:22+00:00","dateModified":"2016-06-30T10:29:04+00:00","author":{"@id":"https:\/\/www.ambisist.cat\/#\/schema\/person\/55048fc1b769dbd56c1dcfc41f06d22a"},"breadcrumb":{"@id":"https:\/\/www.ambisist.cat\/es\/issa-interclean-2016\/#breadcrumb"},"inLanguage":"es","potentialAction":[{"@type":"ReadAction","target":["https:\/\/www.ambisist.cat\/es\/issa-interclean-2016\/"]}]},{"@type":"ImageObject","inLanguage":"es","@id":"https:\/\/www.ambisist.cat\/es\/issa-interclean-2016\/#primaryimage","url":"https:\/\/www.ambisist.cat\/wp-content\/uploads\/2016\/06\/Issa-interclean.jpg","contentUrl":"https:\/\/www.ambisist.cat\/wp-content\/uploads\/2016\/06\/Issa-interclean.jpg","width":900,"height":600},{"@type":"BreadcrumbList","@id":"https:\/\/www.ambisist.cat\/es\/issa-interclean-2016\/#breadcrumb","itemListElement":[{"@type":"ListItem","position":1,"name":"Portada","item":"https:\/\/www.ambisist.cat\/es\/"},{"@type":"ListItem","position":2,"name":"Issa Interclean 2016"}]},{"@type":"WebSite","@id":"https:\/\/www.ambisist.cat\/#website","url":"https:\/\/www.ambisist.cat\/","name":"Ambisist","description":"Productes i maquin\u00e0ria de netaja","potentialAction":[{"@type":"SearchAction","target":{"@type":"EntryPoint","urlTemplate":"https:\/\/www.ambisist.cat\/?s={search_term_string}"},"query-input":{"@type":"PropertyValueSpecification","valueRequired":true,"valueName":"search_term_string"}}],"inLanguage":"es"},{"@type":"Person","@id":"https:\/\/www.ambisist.cat\/#\/schema\/person\/55048fc1b769dbd56c1dcfc41f06d22a","name":"umbrella","image":{"@type":"ImageObject","inLanguage":"es","@id":"https:\/\/secure.gravatar.com\/avatar\/6ae53eaa83ae7ae712ac1af7e4bb61e0ea03a83ba77abde0e652935b14435f17?s=96&d=mm&r=g","url":"https:\/\/secure.gravatar.com\/avatar\/6ae53eaa83ae7ae712ac1af7e4bb61e0ea03a83ba77abde0e652935b14435f17?s=96&d=mm&r=g","contentUrl":"https:\/\/secure.gravatar.com\/avatar\/6ae53eaa83ae7ae712ac1af7e4bb61e0ea03a83ba77abde0e652935b14435f17?s=96&d=mm&r=g","caption":"umbrella"},"url":"https:\/\/www.ambisist.cat\/es\/author\/umbrella\/"}]}},"_links":{"self":[{"href":"https:\/\/www.ambisist.cat\/es\/wp-json\/wp\/v2\/posts\/1757","targetHints":{"allow":["GET"]}}],"collection":[{"href":"https:\/\/www.ambisist.cat\/es\/wp-json\/wp\/v2\/posts"}],"about":[{"href":"https:\/\/www.ambisist.cat\/es\/wp-json\/wp\/v2\/types\/post"}],"author":[{"embeddable":true,"href":"https:\/\/www.ambisist.cat\/es\/wp-json\/wp\/v2\/users\/1"}],"replies":[{"embeddable":true,"href":"https:\/\/www.ambisist.cat\/es\/wp-json\/wp\/v2\/comments?post=1757"}],"version-history":[{"count":3,"href":"https:\/\/www.ambisist.cat\/es\/wp-json\/wp\/v2\/posts\/1757\/revisions"}],"predecessor-version":[{"id":1762,"href":"https:\/\/www.ambisist.cat\/es\/wp-json\/wp\/v2\/posts\/1757\/revisions\/1762"}],"wp:featuredmedia":[{"embeddable":true,"href":"https:\/\/www.ambisist.cat\/es\/wp-json\/wp\/v2\/media\/1758"}],"wp:attachment":[{"href":"https:\/\/www.ambisist.cat\/es\/wp-json\/wp\/v2\/media?parent=1757"}],"wp:term":[{"taxonomy":"category","embeddable":true,"href":"https:\/\/www.ambisist.cat\/es\/wp-json\/wp\/v2\/categories?post=1757"},{"taxonomy":"post_tag","embeddable":true,"href":"https:\/\/www.ambisist.cat\/es\/wp-json\/wp\/v2\/tags?post=1757"}],"curies":[{"name":"wp","href":"https:\/\/api.w.org\/{rel}","templated":true}]}}